                       {"id":8157,"date":"2019-05-23T16:42:43","date_gmt":"2019-05-23T21:42:43","guid":{"rendered":"http:\/\/laultimapalabra.info\/?p=8157"},"modified":"2024-12-11T08:55:48","modified_gmt":"2024-12-11T14:55:48","slug":"capitan-jose-de-la-garza-rodriguez-encomendero-alcalde-mayor-y-ciudadano-ejemplar-del-cadereyta-de-1657-2","status":"publish","type":"post","link":"https:\/\/laultimapalabra.com.mx\/portal\/capitan-jose-de-la-garza-rodriguez-encomendero-alcalde-mayor-y-ciudadano-ejemplar-del-cadereyta-de-1657-2\/","title":{"rendered":"Capit\u00e1n Jos\u00e9 De la Garza Rodr\u00edguez\u2026 encomendero, alcalde mayor y ciudadano ejemplar del Cadereyta de 1657"},"content":{"rendered":"<div id=\"attachment_8158\" style=\"width: 310px\" class=\"wp-caption alignleft\"><img loading=\"lazy\" decoding=\"async\" aria-describedby=\"caption-attachment-8158\" class=\"size-medium wp-image-8158\" src=\"https:\/\/laultimapalabra.com.mx\/portal\/wp-content\/uploads\/2019\/05\/chichimecas-espanoles-300x200.jpg\" alt=\"\" width=\"300\" height=\"200\" \/><p id=\"caption-attachment-8158\" class=\"wp-caption-text\">Capit\u00e1n Jos\u00e9 de la Garza Rodr\u00edguez observando a los indios de la regi\u00f3n<\/p><\/div>\n<p style=\"text-align: justify;\">Por: Dr. Jos\u00e9 Ascenci\u00f3n Tijerina Flores<\/p>\n<p style=\"text-align: justify;\">Serias acusaciones recibi\u00f3 nuestro personaje de hoy, pero declaraciones de testigos escritas por el Capit\u00e1n Alonso de Le\u00f3n y rescatadas por Don Israel Cavazos Garza nos hacen saber lo siguiente:<br \/>\nFray Jos\u00e9 Cortina padre predicador de los indios en el convento de Cadereyta, declara que es falsa la acusaci\u00f3n en contra del Capit\u00e1n De la Garza y la atribuye al deseo de los indios de no verse sujetos a doctrina. Textual dice el documento \u201cEn el curso de 14 a\u00f1os que administra estos dichos naturales, no ha conocido encomendero que m\u00e1s bien trate a la gente que el dicho Capit\u00e1n d\u00e1ndoles doctrina y ense\u00f1anza, vestuario y comida bastantemente\u201d.<br \/>\nLa \u201cpeste\u201d que asol\u00f3 la regi\u00f3n en 1661 fue fatal para los indios, pues atribu\u00edan ese mal al propio Capit\u00e1n De la Garza \u201cpor la gran peste que pod\u00eda causar tray\u00e9ndolo por el contagio\u201d.<br \/>\nEl Frayle defend\u00eda al Capit\u00e1n De la Garza y a\u00f1ad\u00eda que no solo les buscaba remedios y quien los cuidase cuando estaban convalecientes, \u201csino que los cargaba sobre sus propios hombros no temiendo al contagio y en particular a un indio llamado \u201cJuanillo el baizero\u201d a quien el capit\u00e1n pas\u00f3 en peso de un jacal a otro\u201d.<br \/>\nOtro Fray llamado Jos\u00e9 de Paz presidente del convento manifest\u00f3 que, \u201cpor hallarse indispuesto Fray Cortina le toc\u00f3 a \u00e9l ir a auxiliar espiritualmente a \u201cPascualillo\u201d a quien encontr\u00f3 en su tapete con bastante ropa para su abrigo y limpieza toda en su jacal\u201d. Agreg\u00f3 que \u201cal voltearlo para aplicarle los santos oleos, no le vio hinchaz\u00f3n ni llaga o herida por azote ni pescuezo roto\u201d.<br \/>\nCoincidi\u00f3 as\u00ed su versi\u00f3n con la del Padre Cortina al decir el Capit\u00e1n encomendero a diferencia de muchos otros pon\u00eda \u201cno solo el cuidado, m\u00e1s tambi\u00e9n la obra\u201d y que en muchas ocasiones que hab\u00eda ido a administrar los sacramentos \u201clo he visto asistir personalmente a volver a los indios, arroparlos y otras acciones nacidas de amor y caridad\u201d.<br \/>\nAdem\u00e1s, agreg\u00f3 el religioso que le constaba como contrat\u00f3 a personas para que les cuidasen en la epidemia, particularmente a Catana, mujer de Miguel \u00c1ngel que le limpiaba las supuraciones de las viruelas, agregando que nadie de la gente de su servicio hab\u00eda muerto sin los sacramentos y que pag\u00f3 al convento las \u201covensiones\u201d no solo a 30 indios que llev\u00f3 a dar sepultura eclesi\u00e1stica sino que tambi\u00e9n de los que murieron en su tierra.<br \/>\nLos alimentaba (agregaban los frayles) en abundancia teniendo adem\u00e1s los indios \u201csu propio troje\u201d.<br \/>\nEl Padre Paz concluy\u00f3 diciendo que deber\u00edan tenerlo \u201ccuando no por amo y encomendado, por hombre que les ha sido padre para su sustento de ellos, como lo ense\u00f1a la experiencia y la voz com\u00fan de este reino que as\u00ed lo aclama\u201d.<br \/>\nEl Gobernador Mart\u00edn de Zavala con sus asesores letrados de Zacatecas, absolvi\u00f3 de toda culpa a Jos\u00e9 De la Garza y sentenci\u00f3: \u201cno acostumbren sus paternidades dar semejantes consejos a los hombres legos, en que priven a los naturales por causa de peste el no darles sepultura eclesi\u00e1stica, pues con ahondar una vara o dos m\u00e1s la sepultura y echar a los cuerpos muertos cal se resguarda el encomiendo.<br \/>\nEl Capit\u00e1n Jos\u00e9 De la Garza encomendero ejemplar nacido en el reino de Le\u00f3n hacia 1616, Pedro De la Garza fue su padre y Do\u00f1a In\u00e9s Rodr\u00edguez su madre.<br \/>\nFue regidor del primer cabildo de Cadereyta de 1638, viaj\u00f3 como alf\u00e9rez a la jornada a Tampico en 1645 dirigida por el Capit\u00e1n Alonso de Le\u00f3n.<br \/>\nTambi\u00e9n en 1657 fue nombrado Alcalde Mayor de Cadereyta, cargo que ejerci\u00f3 hasta 1665 cuando al parecer fue el a\u00f1o en que muri\u00f3.<br \/>\nTomado del libro \u201cPersonajes de Nuevo Le\u00f3n\u201d de Don Israel Cavazos quien a su vez hab\u00eda rescatado estos documentos de los escritos del Capit\u00e1n Alonso De Le\u00f3n.<br \/>\nGracias.<\/p>\n","protected":false},"excerpt":{"rendered":"<p>Por: Dr. Jos\u00e9 Ascenci\u00f3n Tijerina Flores Serias acusaciones recibi\u00f3 nuestro personaje de hoy, pero declaraciones de testigos escritas por el Capit\u00e1n Alonso de Le\u00f3n y rescatadas por Don Israel Cavazos Garza nos hacen saber lo siguiente: Fray Jos\u00e9 Cortina padre predicador de los indios en el convento de Cadereyta, declara que es falsa la acusaci\u00f3n [&hellip;]<\/p>\n","protected":false},"author":9,"featured_media":8158,"comment_status":"open","ping_status":"closed","sticky":false,"template":"","format":"standard","meta":{"footnotes":""},"categories":[1],"tags":[879],"class_list":["post-8157","post","type-post","status-publish","format-standard","has-post-thumbnail","hentry","category-noticias","tag-dr-jose-ascencion-tijerina-flores"],"_links":{"self":[{"href":"https:\/\/laultimapalabra.com.mx\/portal\/wp-json\/wp\/v2\/posts\/8157","targetHints":{"allow":["GET"]}}],"collection":[{"href":"https:\/\/laultimapalabra.com.mx\/portal\/wp-json\/wp\/v2\/posts"}],"about":[{"href":"https:\/\/laultimapalabra.com.mx\/portal\/wp-json\/wp\/v2\/types\/post"}],"author":[{"embeddable":true,"href":"https:\/\/laultimapalabra.com.mx\/portal\/wp-json\/wp\/v2\/users\/9"}],"replies":[{"embeddable":true,"href":"https:\/\/laultimapalabra.com.mx\/portal\/wp-json\/wp\/v2\/comments?post=8157"}],"version-history":[{"count":1,"href":"https:\/\/laultimapalabra.com.mx\/portal\/wp-json\/wp\/v2\/posts\/8157\/revisions"}],"predecessor-version":[{"id":67359,"href":"https:\/\/laultimapalabra.com.mx\/portal\/wp-json\/wp\/v2\/posts\/8157\/revisions\/67359"}],"wp:featuredmedia":[{"embeddable":true,"href":"https:\/\/laultimapalabra.com.mx\/portal\/wp-json\/"}],"wp:attachment":[{"href":"https:\/\/laultimapalabra.com.mx\/portal\/wp-json\/wp\/v2\/media?parent=8157"}],"wp:term":[{"taxonomy":"category","embeddable":true,"href":"https:\/\/laultimapalabra.com.mx\/portal\/wp-json\/wp\/v2\/categories?post=8157"},{"taxonomy":"post_tag","embeddable":true,"href":"https:\/\/laultimapalabra.com.mx\/portal\/wp-json\/wp\/v2\/tags?post=8157"}],"curies":[{"name":"wp","href":"https:\/\/api.w.org\/{rel}","templated":true}]}}