                       {"id":8188,"date":"2019-05-23T17:45:02","date_gmt":"2019-05-23T22:45:02","guid":{"rendered":"http:\/\/laultimapalabra.info\/?p=8188"},"modified":"2024-12-11T08:55:48","modified_gmt":"2024-12-11T14:55:48","slug":"el-quemador-65","status":"publish","type":"post","link":"https:\/\/laultimapalabra.com.mx\/portal\/el-quemador-65\/","title":{"rendered":"El Quemador"},"content":{"rendered":"<p><img loading=\"lazy\" decoding=\"async\" class=\"size-medium wp-image-159 alignleft\" src=\"https:\/\/laultimapalabra.com.mx\/portal\/wp-content\/uploads\/2018\/02\/Banner-Caliente-copia-300x171.jpg\" alt=\"\" width=\"300\" height=\"171\" \/>Por: El Repre<\/p>\n<p style=\"text-align: justify;\">CAPACITACI\u00d3N<br \/>\nIniciamos esta columneja cont\u00e1ndoles un poco de las que las del departamento de capacitaci\u00f3n que seg\u00fan dirige Rogel\u00edn S\u00e1nchez\u2026de entrada nos dicen que Rogelio no lleva bien la DNC (detecci\u00f3n de necesidades de capacitaci\u00f3n) pues lleva 5 a\u00f1os sin revisarlos y luego corta los cursos que debe solicitar a M\u00e9xico seg\u00fan el programa, con el fin de que no lo rega\u00f1en localmente en caso de que no los llegue a cumplir, afectando con esto a los trabajadores que desean capacitarse\u2026ya ni la jode el Rogel\u00edn \u00bfy qu\u00e9 tal si no le cortaban los cursos? Seguiremos informando!!<br \/>\nAMENAZA<br \/>\nY hay les va la \u00faltima del tontejo de la Miguelona Estrada\u2026pues hay tienen que public\u00f3 en su cuenta de Facebook un texto que estremeci\u00f3 al mismo Presidente de los Estados Unidos Donald Trump, pues fue una tremenda amenaza\u2026s\u00ed, as\u00ed como lo leen compitas Miguel sigue dando de qu\u00e9 hablar y ya ahora lo hace a nivel internacional, ya ven que a \u00e9l lo siguen por Facebook miles y miles de personas\u2026s\u00edganle!!<br \/>\nGUERRAS<br \/>\nY d\u00edganos si no, el texto dec\u00eda lo siguiente: \u201cse viene la madre de las guerras no me dejen solo, no puedo dar adelantos pero les aseguro que no me quedar\u00e9 callado\u201d juntos haremos historia\u2026la madre de las guerras, (auxilio, que terror)\u2026no puedo dar adelantos (ni de lo que debes)\u2026no me quedare callado (\u00bfpor fin dir\u00e1 que es una lacra y que lo \u00fanico que le interesa es su beneficio personal?)\u2026y ya chole con la frasecita esa que ni de \u00e9l es!!<br \/>\nLOCO<br \/>\nDefinitivamente que Miguel est\u00e1 loco, pues ni un muchachito puberto y fantasioso se atrever\u00eda a publicar tanta babosada como \u00e9l\u2026ya que alguien le diga que deje de consumir, ingerir o meterse tantas sustancias que le atrofien el poco cerebro que le queda\u2026imag\u00ednense, y as\u00ed quiere ser Secretario General, pobre diablo!!<br \/>\nHOSPITAL<br \/>\nDel hospital nos siguen contando que no dan una y que la situaci\u00f3n cada vez se agrava m\u00e1s con tantas carencias de insumos y con tanto mal trato de su personal\u2026nos dicen que ya muchos se andan organizando para manifestarse y para llevar todas sus quejas a mas autoridades, porque pareciera que a las que est\u00e1n al frente parecer\u00eda que no les importa el Hospital\u2026seguiremos informando!!<br \/>\nTUBER\u00cdA<br \/>\nDel Taller de Tuber\u00eda nos cuentan que ya no hayan qu\u00e9 hacer con Daniel el Chilango Segura Repre del departamento\u2026y es que el Chilanguito est\u00e1 manejando muy mal la representaci\u00f3n, sobre todo porque no reparte el trabajo por igual entre los compitas derecheros\u2026por ejemplo a su pareja en turno no le falla el jale, pues a pesar de que hay un rol para que todos trabajen por igual, el Chilango se hace el que no sabe y a su amors nunca le toca salir de contrato y si se le acaba r\u00e1pido le da otro\u2026que poca progenitora la del Chilango Segura!!<br \/>\nPANDA<br \/>\nDe Ventas nos cuentan que pseudo Ingeniero de l\u00ednea de Julio el panda Banda ya tiene harto a los compitas de toda la TAD\u2026y es que que \u00faltimamente se agudizaron los reportes de este corrupto y ma\u00f1oso ingeniero, que hasta el arquitecto lo trae de la cola rega\u00f1e y rega\u00f1e\u2026nunca se compuso el enfermo Banda!!<br \/>\nREPORTE<br \/>\nTambi\u00e9n nos comentan que ya se juntaron varios compitas para meterle un reporte y hagan algo con \u00e9l\u2026porque para variar el panda Banda se cree intocable y dice que a \u00e9l nadie le hace nada, que ya ha tratado as\u00ed a mucha gente y todo sigue igual sin que nadie le diga nada\u2026en otras palabras le vale pura mother al ma\u00f1oso Banda!!<br \/>\nJUBILADOS<br \/>\nNos reportan que hasta los jubilados de Ventas se quejan de los malos tratos de la Mimosa y compinches y paleros que la acompa\u00f1an\u2026y es que hasta los pobres jubilados les toca que no los quieran atender y no dan respuesta a sus pagos\u2026mendiga y abusiva Mimosa!!<br \/>\nGASOLINA<br \/>\nY ya por ultimo nos cuentan que se lleg\u00f3 la descontadera masiva de billetes a las catorcenas de los compitas de Ventas\u2026seg\u00fan la Marimensa, ahora porque hasta la Mimosa dice que mejor ella ve eso porque a Marimensa la hacen mensa\u2026ella dice que fue problema del sistema, y se la pasa ech\u00e1ndole culpas a quien se deje, despu\u00e9s que la que no da el kilo es ella\u2026nadie le entiende nada y no sirve para nada, pobrecita mujer!!&#8230;Arrivederchi!!<\/p>\n","protected":false},"excerpt":{"rendered":"<p>Por: El Repre CAPACITACI\u00d3N Iniciamos esta columneja cont\u00e1ndoles un poco de las que las del departamento de capacitaci\u00f3n que seg\u00fan dirige Rogel\u00edn S\u00e1nchez\u2026de entrada nos dicen que Rogelio no lleva bien la DNC (detecci\u00f3n de necesidades de capacitaci\u00f3n) pues lleva 5 a\u00f1os sin revisarlos y luego corta los cursos que debe solicitar a M\u00e9xico seg\u00fan [&hellip;]<\/p>\n","protected":false},"author":9,"featured_media":159,"comment_status":"open","ping_status":"closed","sticky":false,"template":"","format":"standard","meta":{"footnotes":""},"categories":[1],"tags":[944],"class_list":["post-8188","post","type-post","status-publish","format-standard","has-post-thumbnail","hentry","category-noticias","tag-el-repre-el-quemador"],"_links":{"self":[{"href":"https:\/\/laultimapalabra.com.mx\/portal\/wp-json\/wp\/v2\/posts\/8188","targetHints":{"allow":["GET"]}}],"collection":[{"href":"https:\/\/laultimapalabra.com.mx\/portal\/wp-json\/wp\/v2\/posts"}],"about":[{"href":"https:\/\/laultimapalabra.com.mx\/portal\/wp-json\/wp\/v2\/types\/post"}],"author":[{"embeddable":true,"href":"https:\/\/laultimapalabra.com.mx\/portal\/wp-json\/wp\/v2\/users\/9"}],"replies":[{"embeddable":true,"href":"https:\/\/laultimapalabra.com.mx\/portal\/wp-json\/wp\/v2\/comments?post=8188"}],"version-history":[{"count":1,"href":"https:\/\/laultimapalabra.com.mx\/portal\/wp-json\/wp\/v2\/posts\/8188\/revisions"}],"predecessor-version":[{"id":67375,"href":"https:\/\/laultimapalabra.com.mx\/portal\/wp-json\/wp\/v2\/posts\/8188\/revisions\/67375"}],"wp:featuredmedia":[{"embeddable":true,"href":"https:\/\/laultimapalabra.com.mx\/portal\/wp-json\/"}],"wp:attachment":[{"href":"https:\/\/laultimapalabra.com.mx\/portal\/wp-json\/wp\/v2\/media?parent=8188"}],"wp:term":[{"taxonomy":"category","embeddable":true,"href":"https:\/\/laultimapalabra.com.mx\/portal\/wp-json\/wp\/v2\/categories?post=8188"},{"taxonomy":"post_tag","embeddable":true,"href":"https:\/\/laultimapalabra.com.mx\/portal\/wp-json\/wp\/v2\/tags?post=8188"}],"curies":[{"name":"wp","href":"https:\/\/api.w.org\/{rel}","templated":true}]}}