                       {"id":8269,"date":"2019-05-29T12:34:01","date_gmt":"2019-05-29T17:34:01","guid":{"rendered":"http:\/\/laultimapalabra.info\/?p=8269"},"modified":"2024-12-11T08:55:50","modified_gmt":"2024-12-11T14:55:50","slug":"no-vamos-a-tapar-nada-amlo","status":"publish","type":"post","link":"https:\/\/laultimapalabra.com.mx\/portal\/no-vamos-a-tapar-nada-amlo\/","title":{"rendered":"No vamos a tapar nada.- AMLO"},"content":{"rendered":"<p style=\"text-align: justify;\"><img loading=\"lazy\" decoding=\"async\" class=\"size-medium wp-image-8270 alignleft\" src=\"https:\/\/laultimapalabra.com.mx\/portal\/wp-content\/uploads\/2019\/05\/8022325-300x200.jpg\" alt=\"\" width=\"300\" height=\"200\" \/>Cd. de M\u00e9xico (29 mayo 2019).- El Presidente Andr\u00e9s Manuel L\u00f3pez Obrador asegur\u00f3 que la instrucci\u00f3n en su Gobierno es no tapar nada ni proteger o dar impunidad a nadie.<br \/>\nEsto luego de que se lleva a cabo la indagatoria sobre el caso Odebrecht, la cual ha llevado a la detenci\u00f3n del due\u00f1o de Altos Hornos de M\u00e9xico, Alonso Ancira, y a la orden de aprensi\u00f3n contra el ex directivo de Pemex Emilio Lozoya.<br \/>\n&#8220;S\u00ed va a continuarse as\u00ed. La instrucci\u00f3n que tienen los servidores p\u00fablicos del Ejecutivo es no tapar nada, no actuar dando protecci\u00f3n o impunidad a nadie&#8221;, dijo en conferencia ma\u00f1anera.<br \/>\n&#8220;Todos los asuntos que est\u00e1n en curso, les he comentado aqu\u00ed, a mi me informan de inteligencia financiera de los delitos y la instrucci\u00f3n que tiene Santiago Nieto es que todo lo que se me informa, se presente de inmediato ante la FGR. No voy a parar ning\u00fan proceso&#8221;.<br \/>\nEl Mandatario precis\u00f3 que la investigaci\u00f3n est\u00e1 en manos de la Fiscal\u00eda General de la Rep\u00fablica y ellos van a decidir si queda en los se\u00f1alados o se ampl\u00eda.<br \/>\nAsimismo, descart\u00f3 que se trate de una persecuci\u00f3n pol\u00edtica o de un tema personal.<br \/>\n&#8220;No hay persecuci\u00f3n pol\u00edtica, son hechos, presuntos delitos que se tienen que perseguir, que se tienen que castigar en el caso de que as\u00ed lo determinen los jueces, es todo. Yo he dicho que no es mi fuerte la venganza&#8221;, afirm\u00f3.<br \/>\n&#8220;No conozco a ninguno de ellos dos, nunca he visto ni al se\u00f1or de Altos Hornos ni al ex director de Pemex, son procesos que vienen de tiempo atr\u00e1s. No es nada personal. Santiago Nieto tiene que actuar as\u00ed porque es su trabajo, con todos&#8221;.<br \/>\nCon respecto a la petici\u00f3n para descongelar las cuentas de Altos Hornos de M\u00e9xico, L\u00f3pez Obrador dijo que habl\u00f3 con el titular de la UIF para que pueda seguir operando la empresa.<\/p>\n<p style=\"text-align: justify;\">Fuente: El Norte<\/p>\n","protected":false},"excerpt":{"rendered":"<p>Cd. de M\u00e9xico (29 mayo 2019).- El Presidente Andr\u00e9s Manuel L\u00f3pez Obrador asegur\u00f3 que la instrucci\u00f3n en su Gobierno es no tapar nada ni proteger o dar impunidad a nadie. Esto luego de que se lleva a cabo la indagatoria sobre el caso Odebrecht, la cual ha llevado a la detenci\u00f3n del due\u00f1o de Altos [&hellip;]<\/p>\n","protected":false},"author":9,"featured_media":8270,"comment_status":"open","ping_status":"closed","sticky":false,"template":"","format":"standard","meta":{"footnotes":""},"categories":[19],"tags":[124,960,1651],"class_list":["post-8269","post","type-post","status-publish","format-standard","has-post-thumbnail","hentry","category-nacional","tag-amlo","tag-emilio-lozoya","tag-odebrecht"],"_links":{"self":[{"href":"https:\/\/laultimapalabra.com.mx\/portal\/wp-json\/wp\/v2\/posts\/8269","targetHints":{"allow":["GET"]}}],"collection":[{"href":"https:\/\/laultimapalabra.com.mx\/portal\/wp-json\/wp\/v2\/posts"}],"about":[{"href":"https:\/\/laultimapalabra.com.mx\/portal\/wp-json\/wp\/v2\/types\/post"}],"author":[{"embeddable":true,"href":"https:\/\/laultimapalabra.com.mx\/portal\/wp-json\/wp\/v2\/users\/9"}],"replies":[{"embeddable":true,"href":"https:\/\/laultimapalabra.com.mx\/portal\/wp-json\/wp\/v2\/comments?post=8269"}],"version-history":[{"count":1,"href":"https:\/\/laultimapalabra.com.mx\/portal\/wp-json\/wp\/v2\/posts\/8269\/revisions"}],"predecessor-version":[{"id":67415,"href":"https:\/\/laultimapalabra.com.mx\/portal\/wp-json\/wp\/v2\/posts\/8269\/revisions\/67415"}],"wp:featuredmedia":[{"embeddable":true,"href":"https:\/\/laultimapalabra.com.mx\/portal\/wp-json\/"}],"wp:attachment":[{"href":"https:\/\/laultimapalabra.com.mx\/portal\/wp-json\/wp\/v2\/media?parent=8269"}],"wp:term":[{"taxonomy":"category","embeddable":true,"href":"https:\/\/laultimapalabra.com.mx\/portal\/wp-json\/wp\/v2\/categories?post=8269"},{"taxonomy":"post_tag","embeddable":true,"href":"https:\/\/laultimapalabra.com.mx\/portal\/wp-json\/wp\/v2\/tags?post=8269"}],"curies":[{"name":"wp","href":"https:\/\/api.w.org\/{rel}","templated":true}]}}