                       {"id":8298,"date":"2019-05-30T17:01:53","date_gmt":"2019-05-30T22:01:53","guid":{"rendered":"http:\/\/laultimapalabra.info\/?p=8298"},"modified":"2024-12-11T08:55:50","modified_gmt":"2024-12-11T14:55:50","slug":"eligen-vecinos-14vo-comite-ciudadano","status":"publish","type":"post","link":"https:\/\/laultimapalabra.com.mx\/portal\/eligen-vecinos-14vo-comite-ciudadano\/","title":{"rendered":"Eligen vecinos 14vo. comit\u00e9 ciudadano"},"content":{"rendered":"<p style=\"text-align: justify;\"><img loading=\"lazy\" decoding=\"async\" class=\"size-medium wp-image-8320 alignleft\" src=\"https:\/\/laultimapalabra.com.mx\/portal\/wp-content\/uploads\/2019\/05\/base1-9-300x225.jpg\" alt=\"\" width=\"300\" height=\"225\" \/> JIM\u00c9NEZ, N.L.-<br \/>\nLa tarde del martes, el alcalde Ernesto Quintanilla, tom\u00f3 la protesta al Comit\u00e9 Ciudadano, n\u00famero 14, en el la plaza del Tri\u00e1ngulo en la colonia Veteranos.<br \/>\nLa licenciada M\u00f3nica Trevi\u00f1o Sada, directora de la dependencia encargada de hacer los comit\u00e9s, explic\u00f3 que dichas agrupaciones representativas de la colonia, son un enlace entre la colonia y las autoridades para solicitar cualquier servicio.<br \/>\nEl alcalde al hacer uso de la palabra, explic\u00f3 que tienen detectadas nueve luminarias que no encienden en la colonia Veteranos, problema que en breve ser\u00e1 resuelto.<br \/>\nEn un tiempo para que los vecinos hicieran uso de la palabra, le solicitaron la rehabilitaci\u00f3n de la peque\u00f1a plaza del Tri\u00e1ngulo, lugar de la reuni\u00f3n, ubicada entre las calles Fresno y \u00c9bano.<br \/>\nLe pidieron adem\u00e1s la limpieza de un canal que es el desag\u00fce pluvial de la colonia y que algunos vecinos del sector est\u00e1n utilizando como tiraderos, as\u00ed como limpieza en el r\u00edo y la captura de perros, que aunque tienen due\u00f1o, andan sueltos por las calles de la colonia.<br \/>\nLos habitantes de a Veteranos eligieron como presidente del comit\u00e9 a la se\u00f1ora, Martha Alicia Lucero Lozano; secretario, Teresa Alejandro Ruiz Bueno; primer vocal, Jacinto Ramos Montalvo; segundo vocal, Anastasio Hern\u00e1ndez Alan\u00eds; tercer vocal, la se\u00f1ora Guillermina Gonz\u00e1lez Garza y cuarto vocal, Crescencio Reyna Delgado, a quienes Quintanilla Villarreal tom\u00f3 protesta en el lugar.<\/p>\n","protected":false},"excerpt":{"rendered":"<p>JIM\u00c9NEZ, N.L.- La tarde del martes, el alcalde Ernesto Quintanilla, tom\u00f3 la protesta al Comit\u00e9 Ciudadano, n\u00famero 14, en el la plaza del Tri\u00e1ngulo en la colonia Veteranos. La licenciada M\u00f3nica Trevi\u00f1o Sada, directora de la dependencia encargada de hacer los comit\u00e9s, explic\u00f3 que dichas agrupaciones representativas de la colonia, son un enlace entre la [&hellip;]<\/p>\n","protected":false},"author":9,"featured_media":8321,"comment_status":"open","ping_status":"closed","sticky":false,"template":"","format":"standard","meta":{"footnotes":""},"categories":[17],"tags":[665],"class_list":["post-8298","post","type-post","status-publish","format-standard","has-post-thumbnail","hentry","category-locales-cadereyta","tag-comites-ciudadanos-cadereyta"],"_links":{"self":[{"href":"https:\/\/laultimapalabra.com.mx\/portal\/wp-json\/wp\/v2\/posts\/8298","targetHints":{"allow":["GET"]}}],"collection":[{"href":"https:\/\/laultimapalabra.com.mx\/portal\/wp-json\/wp\/v2\/posts"}],"about":[{"href":"https:\/\/laultimapalabra.com.mx\/portal\/wp-json\/wp\/v2\/types\/post"}],"author":[{"embeddable":true,"href":"https:\/\/laultimapalabra.com.mx\/portal\/wp-json\/wp\/v2\/users\/9"}],"replies":[{"embeddable":true,"href":"https:\/\/laultimapalabra.com.mx\/portal\/wp-json\/wp\/v2\/comments?post=8298"}],"version-history":[{"count":1,"href":"https:\/\/laultimapalabra.com.mx\/portal\/wp-json\/wp\/v2\/posts\/8298\/revisions"}],"predecessor-version":[{"id":67431,"href":"https:\/\/laultimapalabra.com.mx\/portal\/wp-json\/wp\/v2\/posts\/8298\/revisions\/67431"}],"wp:featuredmedia":[{"embeddable":true,"href":"https:\/\/laultimapalabra.com.mx\/portal\/wp-json\/"}],"wp:attachment":[{"href":"https:\/\/laultimapalabra.com.mx\/portal\/wp-json\/wp\/v2\/media?parent=8298"}],"wp:term":[{"taxonomy":"category","embeddable":true,"href":"https:\/\/laultimapalabra.com.mx\/portal\/wp-json\/wp\/v2\/categories?post=8298"},{"taxonomy":"post_tag","embeddable":true,"href":"https:\/\/laultimapalabra.com.mx\/portal\/wp-json\/wp\/v2\/tags?post=8298"}],"curies":[{"name":"wp","href":"https:\/\/api.w.org\/{rel}","templated":true}]}}