                       {"id":8303,"date":"2019-05-30T17:17:27","date_gmt":"2019-05-30T22:17:27","guid":{"rendered":"http:\/\/laultimapalabra.info\/?p=8303"},"modified":"2024-12-11T08:55:50","modified_gmt":"2024-12-11T14:55:50","slug":"la-canelita-lozano-conjuga-belleza-y-punch-en-el-box","status":"publish","type":"post","link":"https:\/\/laultimapalabra.com.mx\/portal\/la-canelita-lozano-conjuga-belleza-y-punch-en-el-box\/","title":{"rendered":"\u201cLa Canelita\u201d Lozano\u2026 Conjuga belleza  y punch en el box"},"content":{"rendered":"<p style=\"text-align: justify;\">Pelear\u00e1 hoy la joven promesa del boxeo femenil de Cadereyta<\/p>\n<p style=\"text-align: justify;\"><img loading=\"lazy\" decoding=\"async\" class=\"size-medium wp-image-8304 alignleft\" src=\"https:\/\/laultimapalabra.com.mx\/portal\/wp-content\/uploads\/2019\/05\/esta-300x225.jpg\" alt=\"\" width=\"300\" height=\"225\" \/>Miguel Oscar P\u00e9rez<br \/>\nCADEREYTA JIM\u00c9NEZ, N.L.-<br \/>\nDe intensos ojos color verde, Cynthia Lozano Marg\u00e1in, mejor conocida como \u201cLa Canelita\u201d Lozano, es el mejor ejemplo que la belleza no est\u00e1 re\u00f1ida con uno de los deportes m\u00e1s rudos como el boxeo.<br \/>\nDe 32 a\u00f1os de edad, la espigada boxeadora afirma que se inici\u00f3 en el boxeo para bajar de peso, pero ya como sparring se enamor\u00f3 del rudo deporte y empez\u00f3 a pelar en nivel amateur hasta que su reciente debut como profesional el 26 de abril en la Plaza de Toros de Cadereyta.<br \/>\n\u201cEl boxeo me ha ayudado mucho en todos los aspectos de mi vida, desde bajar de peso, tener menos estr\u00e9s y como una terapia emocional\u201d, dijo \u201cLa Canelita\u201d.<br \/>\nDe categor\u00eda superwelter, que comprende hasta os 69 kilogramos, dijo que se prepara corriendo todas las ma\u00f1anas, y por las tardes entrena boxeo, con toda la dureza que el deporte exige en los gimnasios.<br \/>\n\u201cEl boxeo me ha dado la oportunidad de desafiarme mi misma y darme cuenta que soy capaz de lograr todo lo que me proponga\u201d, expres\u00f3.<br \/>\nAparte de ser boxeadora, dijo que una de sus ocupaciones es ayudar a su mam\u00e1 en La Galer\u00eda del Pastel\u201d, negocio de su madre, donde ella apoya en la creaci\u00f3n de los pasteles.<br \/>\nEn apenas a\u00f1o y medio en el boxeo, la pugilista jimenense, lleva en su carrera dos peleas ganadas en amateur y una como profesional recientemente en Cadereyta, donde gan\u00f3 por nocaut en el primer asalto a Gabriela Mart\u00ednez.<br \/>\n\u00bfNo sientes que arriesgas mucho tu f\u00edsico con el box?<br \/>\n\u201cEn todo en la vida hay un riesgo y este riesgo me gusta mucho disfrutarlo, por eso no lo veo como tal, al contrario, lo disfruto y trato de dar lo mejor de m\u00ed\u201d.<br \/>\nEn su debut, \u201cLa Canelita Lozano\u201d, llam\u00f3 la atenci\u00f3n de tal forma, que los promotores la contrataron para que la tarde-noche de hoy, la ojiverde peleadora se enfrente en Moncloa, Coahuila contra una profesional de apellido Castruita.<br \/>\nAdmiradora de las boxeadoras Jacky Nava y Daniela \u201cLa Bonita\u201d Berm\u00fadez, la joven pugilista se\u00f1al\u00f3 que va primero por un campeonato estatal, luego un nacional y despu\u00e9s por un mundial.<br \/>\nDijo sentirse muy orgullosa de que a donde llega a entrenar le dicen: \u201cAh\u00ed viene la de Cadereyta\u201d, aunque tambi\u00e9n mencion\u00f3 que es una responsabilidad que toma con orgullo y advierte \u201cTengo que poner muy en alto mi ciudad\u201d.<br \/>\n\u00bfQu\u00e9 es lo m\u00e1s complicado para ti en el boxeo?<br \/>\n\u201c\u00a1La dieta! \u2013Afirma con seguridad- porque el ejercicio si me gusta, pero con la dieta es con la que todos batallamos un poco; ya acerc\u00e1ndose a la pelea, que si faltan unos gramitos y a cuidarse que no comas esto y otro y comer saludable\u201d.<br \/>\nLa joven promesa del boxeo jimenense a\u00fan tiene mucho por entrenar, mucho por so\u00f1ar, pero se prepara no s\u00f3lo por el triunfo, sino por llevar el nombre de Cadereyta muy en alto.<\/p>\n","protected":false},"excerpt":{"rendered":"<p>Pelear\u00e1 hoy la joven promesa del boxeo femenil de Cadereyta Miguel Oscar P\u00e9rez CADEREYTA JIM\u00c9NEZ, N.L.- De intensos ojos color verde, Cynthia Lozano Marg\u00e1in, mejor conocida como \u201cLa Canelita\u201d Lozano, es el mejor ejemplo que la belleza no est\u00e1 re\u00f1ida con uno de los deportes m\u00e1s rudos como el boxeo. De 32 a\u00f1os de edad, [&hellip;]<\/p>\n","protected":false},"author":9,"featured_media":8304,"comment_status":"open","ping_status":"closed","sticky":false,"template":"","format":"standard","meta":{"footnotes":""},"categories":[17],"tags":[317,750],"class_list":["post-8303","post","type-post","status-publish","format-standard","has-post-thumbnail","hentry","category-locales-cadereyta","tag-box-cadereyta","tag-cynthia-lozano-margain"],"_links":{"self":[{"href":"https:\/\/laultimapalabra.com.mx\/portal\/wp-json\/wp\/v2\/posts\/8303","targetHints":{"allow":["GET"]}}],"collection":[{"href":"https:\/\/laultimapalabra.com.mx\/portal\/wp-json\/wp\/v2\/posts"}],"about":[{"href":"https:\/\/laultimapalabra.com.mx\/portal\/wp-json\/wp\/v2\/types\/post"}],"author":[{"embeddable":true,"href":"https:\/\/laultimapalabra.com.mx\/portal\/wp-json\/wp\/v2\/users\/9"}],"replies":[{"embeddable":true,"href":"https:\/\/laultimapalabra.com.mx\/portal\/wp-json\/wp\/v2\/comments?post=8303"}],"version-history":[{"count":1,"href":"https:\/\/laultimapalabra.com.mx\/portal\/wp-json\/wp\/v2\/posts\/8303\/revisions"}],"predecessor-version":[{"id":67435,"href":"https:\/\/laultimapalabra.com.mx\/portal\/wp-json\/wp\/v2\/posts\/8303\/revisions\/67435"}],"wp:featuredmedia":[{"embeddable":true,"href":"https:\/\/laultimapalabra.com.mx\/portal\/wp-json\/"}],"wp:attachment":[{"href":"https:\/\/laultimapalabra.com.mx\/portal\/wp-json\/wp\/v2\/media?parent=8303"}],"wp:term":[{"taxonomy":"category","embeddable":true,"href":"https:\/\/laultimapalabra.com.mx\/portal\/wp-json\/wp\/v2\/categories?post=8303"},{"taxonomy":"post_tag","embeddable":true,"href":"https:\/\/laultimapalabra.com.mx\/portal\/wp-json\/wp\/v2\/tags?post=8303"}],"curies":[{"name":"wp","href":"https:\/\/api.w.org\/{rel}","templated":true}]}}