                       {"id":8313,"date":"2019-05-30T17:28:05","date_gmt":"2019-05-30T22:28:05","guid":{"rendered":"http:\/\/laultimapalabra.info\/?p=8313"},"modified":"2024-12-11T08:55:50","modified_gmt":"2024-12-11T14:55:50","slug":"la-guarida-del-mapache-64","status":"publish","type":"post","link":"https:\/\/laultimapalabra.com.mx\/portal\/la-guarida-del-mapache-64\/","title":{"rendered":"La Guarida del Mapache"},"content":{"rendered":"<p><img loading=\"lazy\" decoding=\"async\" class=\"size-medium wp-image-155 alignleft\" src=\"https:\/\/laultimapalabra.com.mx\/portal\/wp-content\/uploads\/2018\/02\/mapache-300x282.jpeg\" alt=\"\" width=\"300\" height=\"282\" \/>Por: El Mapache<\/p>\n<p style=\"text-align: justify;\">\u00bfQu\u00e9 ha habido mi querida raza mapachuda? Espero que hayan tenido un excelente semanuca y que su weekend se disponga a estar mucho pero que mucho mejor con todos sus compas y su raza, y as\u00ed como que hay que empezar bien y pues mejor d\u00e9mosle al jale pa\u00b4 terminar m\u00e1s que r\u00e1pido.<br \/>\nRUGI<br \/>\nY pues como se habr\u00e1n dado cuenta entre los \u201crugis\u201d del muni pues tenemos de todo, desde los coquetones, los de mal genio, los que no vienen, los que ni su partido los quiere jejejeje y hasta el facebookero, y pues hablando de este \u00faltimo esp\u00e9cimen compas, d\u00e9jenme les platico que el \u201crugi\u201d \u201cEdgar\u00edn\u201d anda con todo lo que da \u201cpegao\u201d ah\u00ed con los cuerpos de emergencia, de hecho se hab\u00eda tardao jejeje porque pues para quienes no lo recuerden o no sepan, pues el susodicho estuvo por ah\u00ed laborando en esas dependencias hace un par de a\u00f1os.<br \/>\nCONOCEDOR<br \/>\nSabe lo que la chamba conlleva, quienes jalan y quienes no, peeero sobretodo sabe de las carencias que esos departamentos han sufrido en toooooodas las administraciones compas, no s\u00f3lo en este y la pasada.<br \/>\nNOVEDOSO<br \/>\nPor eso se nos hizo algo grotesco y chusco que por ah\u00ed escribi\u00f3 hace d\u00edas que s\u00ed hac\u00edan falta las ambulancia retardadas (s\u00ed, esas que llegaban este mes y que dijo mi mam\u00e1 que siempre no, que hasta finales de junio o principios de Julio), \u00bf\u00bfpues c\u00f3mo?? Ooobvio que hacen falta compas, de eso no cabe duda pero si se vio mal que \u00e9l, quien conoce el show de primera mano dijera: \u201dS\u00ed hacen falta\u201d, jejeje en fin esperamos que adem\u00e1s de andar ah\u00ed metido en lo operativo pues que le aviente un plus en Cabildo y que gestione algo para mejora de estas dependencias, aunque sabemos que \u201cempuj\u00f3\u201d lo de las ambulancias pues uniformes, capacitaciones, etc; no estar\u00eda de m\u00e1s que les llegaran a los compas que jalan ah\u00ed.<br \/>\nDONACION<br \/>\nY hablando de invertir en esos rubros compas, esperemos que pronto nos digan que se est\u00e1 haciendo con la mitad de la quincenuca que supuestamente nuestro buen \u201cBigotes\u201d Quintanilla iba a donar, que si pal Dif, pa\u00b4 bomberos, pa\u00b4Protecci\u00f3n Civil, y as\u00ed. Porque pos nomas dijeron al principio pero a\u00fan no sabemos los beneficios de esa donaci\u00f3n.<br \/>\nNUEVAS<br \/>\nY pues por ah\u00ed nos enteramos que los que andan organizando viaje y todo el show son ni m\u00e1s ni menos que mis cuates del \u201cconsejito\u201d quesque porque quieren ir a visitar a mi compi AMLO para buscar la manera de inmiscuirse en la \u201cma\u00f1anera\u201d.<br \/>\nREGISTRO<br \/>\nLo que no saben mis compas es que pa\u00b4que puedan acceder a esos espacios para medios informativos pues el medio que quieran llevar tiene que estar registrado ante la Secretar\u00eda de Gobernaci\u00f3n, \u00bfy qu\u00e9 creen raza? Pues que el \u00fanico medio aqu\u00ed en mi Cadiz querida y adorada pues nomas es su pap\u00e1, jejej osease que nom\u00e1s aqu\u00ed onde su servilleta labora, as\u00ed es raza el \u00fanico medio con sus registros en forma es La \u00faltima Palabra.<br \/>\nPREGUNTAS<br \/>\nAl parecer quieren preguntarle al mero mero petatero, del asunto ese de que la fiscal juzgo sin pruebas necesarias los casos de \u201cDe$pre$iado\u201d donde se rol\u00f3 un buen billete jejeje y que pues quieren saber porque se actu\u00f3 as\u00ed seg\u00fan los d\u00edceres raza.<br \/>\nDEMANDA<br \/>\nPero si les soy sinceros raza, pues no s\u00e9 pa\u2019 que le invierten tanto billete en vueltas y dem\u00e1s, porque lo que es verdad es que la demanda estuvo mal hecha jejejeje porque al parecer los dos abogados que hicieron la demanda se sacaron el t\u00edtulo en una caja de Corn Flakes y no hicieron bien las cosas, as\u00ed que pues lo que deber\u00edan hacer es meter abogados de verdad que sepan hacer su chamba \u00bfno creen?<br \/>\nDECAIDOS<br \/>\nY pues pasando a otro rollo raza, d\u00e9jenme les digo que cada vez son m\u00e1s y m\u00e1s los compitas que se sienten desesperados y decepcionados de mi buen \u201cBigotes\u201d Quintanilla quesque porque nom\u00e1s no se le ven ganas de cumplirle a la raza de sol de su campa\u00f1a jejeje si, toda esa raza que igual que los \u201cCant\u00fa\u201d le caminaron en el solazo a lado de \u201cBigotes\u201d, pero que por falta de money pues siguen esperando una chanza pa\u00b4jalar.<br \/>\nINC\u00d3MODOS<br \/>\nPero como ellos mismos dicen ya siete meses de la administration y pues nom\u00e1s no se ve nada de nada, quesque no hay dinero pero la n\u00f3mina, sube que sube jejeje as\u00ed mismito lo dicen ellos eh!<br \/>\nSIN OFICIO<br \/>\nLo que tambi\u00e9n dijeron es que pues ni el sueldo de \u201cDon Ame\u201d estaba bien gastado jejeje que tanto show para crearle la Secretar\u00eda pa\u00b4que pudiera cobrar y que pues de resultado nanay, que puro dinero tirado a la basura compis, que con ese sueldo acomodad a dos o tres de los que est\u00e1n en espera, jejeje sin contar con lo que se gasta en los sueldos de los \u201cCant\u00fa\u201d, de quienes dijeron: \u201cMiro se ha de estar revolcando en su tumba\u201d nomas de ver como se andan manejando sus familiares jejeje, as\u00ed las cosas podr\u00edamos augurar que si no se contenta a toda esa raza compas, si no se ponen las pilas, el Verde si la ver\u00eda dif\u00edcil para aquello de la reelecci\u00f3n, \u00bfC\u00f3mo la \u201cb\u00e9isbol\u201d? jejeje\u2026.La vemos.<\/p>\n","protected":false},"excerpt":{"rendered":"<p>Por: El Mapache \u00bfQu\u00e9 ha habido mi querida raza mapachuda? Espero que hayan tenido un excelente semanuca y que su weekend se disponga a estar mucho pero que mucho mejor con todos sus compas y su raza, y as\u00ed como que hay que empezar bien y pues mejor d\u00e9mosle al jale pa\u00b4 terminar m\u00e1s que [&hellip;]<\/p>\n","protected":false},"author":9,"featured_media":155,"comment_status":"open","ping_status":"closed","sticky":false,"template":"","format":"standard","meta":{"footnotes":""},"categories":[1],"tags":[940],"class_list":["post-8313","post","type-post","status-publish","format-standard","has-post-thumbnail","hentry","category-noticias","tag-el-mapache-la-guarida-del-mapache"],"_links":{"self":[{"href":"https:\/\/laultimapalabra.com.mx\/portal\/wp-json\/wp\/v2\/posts\/8313","targetHints":{"allow":["GET"]}}],"collection":[{"href":"https:\/\/laultimapalabra.com.mx\/portal\/wp-json\/wp\/v2\/posts"}],"about":[{"href":"https:\/\/laultimapalabra.com.mx\/portal\/wp-json\/wp\/v2\/types\/post"}],"author":[{"embeddable":true,"href":"https:\/\/laultimapalabra.com.mx\/portal\/wp-json\/wp\/v2\/users\/9"}],"replies":[{"embeddable":true,"href":"https:\/\/laultimapalabra.com.mx\/portal\/wp-json\/wp\/v2\/comments?post=8313"}],"version-history":[{"count":1,"href":"https:\/\/laultimapalabra.com.mx\/portal\/wp-json\/wp\/v2\/posts\/8313\/revisions"}],"predecessor-version":[{"id":67443,"href":"https:\/\/laultimapalabra.com.mx\/portal\/wp-json\/wp\/v2\/posts\/8313\/revisions\/67443"}],"wp:featuredmedia":[{"embeddable":true,"href":"https:\/\/laultimapalabra.com.mx\/portal\/wp-json\/"}],"wp:attachment":[{"href":"https:\/\/laultimapalabra.com.mx\/portal\/wp-json\/wp\/v2\/media?parent=8313"}],"wp:term":[{"taxonomy":"category","embeddable":true,"href":"https:\/\/laultimapalabra.com.mx\/portal\/wp-json\/wp\/v2\/categories?post=8313"},{"taxonomy":"post_tag","embeddable":true,"href":"https:\/\/laultimapalabra.com.mx\/portal\/wp-json\/wp\/v2\/tags?post=8313"}],"curies":[{"name":"wp","href":"https:\/\/api.w.org\/{rel}","templated":true}]}}