                       {"id":8382,"date":"2019-06-04T14:31:31","date_gmt":"2019-06-04T19:31:31","guid":{"rendered":"http:\/\/laultimapalabra.info\/?p=8382"},"modified":"2024-12-11T08:55:51","modified_gmt":"2024-12-11T14:55:51","slug":"asesinan-a-un-hombre-dentro-de-un-rancho-en-cadereyta","status":"publish","type":"post","link":"https:\/\/laultimapalabra.com.mx\/portal\/asesinan-a-un-hombre-dentro-de-un-rancho-en-cadereyta\/","title":{"rendered":"Asesinan a un hombre dentro de un rancho en Cadereyta"},"content":{"rendered":"<p style=\"text-align: justify;\">Los hechos ocurrieron ayer alrededor de las 19:30 horas en una propiedad ubicada en la carretera Chihuahua.<\/p>\n<p style=\"text-align: justify;\"><img loading=\"lazy\" decoding=\"async\" class=\"size-medium wp-image-8383 alignleft\" src=\"https:\/\/laultimapalabra.com.mx\/portal\/wp-content\/uploads\/2019\/06\/casquillos-de-bala-especial_97_0_887_552-300x187.jpg\" alt=\"\" width=\"300\" height=\"187\" \/>CADEREYTA. \u2013 Un hombre fue asesinado a balazos cuando se encontraba al interior de un rancho, en el municipio de Cadereyta.<\/p>\n<p style=\"text-align: justify;\">Los hechos ocurrieron ayer alrededor de las 19:30 horas en una propiedad ubicada en la carretera Chihuahua.<\/p>\n<p style=\"text-align: justify;\">Autoridades informaron que la v\u00edctima fue identificada como Jos\u00e9 \u00c1ngel Zavala Gallegos de 29 a\u00f1os de edad.<\/p>\n<p style=\"text-align: justify;\">Al sitio acudieron elementos de la Agencia Estatal de Investigaciones, quienes ya realizan las indagatorias correspondientes.<\/p>\n","protected":false},"excerpt":{"rendered":"<p>Los hechos ocurrieron ayer alrededor de las 19:30 horas en una propiedad ubicada en la carretera Chihuahua. CADEREYTA. \u2013 Un hombre fue asesinado a balazos cuando se encontraba al interior de un rancho, en el municipio de Cadereyta. Los hechos ocurrieron ayer alrededor de las 19:30 horas en una propiedad ubicada en la carretera Chihuahua. [&hellip;]<\/p>\n","protected":false},"author":9,"featured_media":8383,"comment_status":"open","ping_status":"closed","sticky":false,"template":"","format":"standard","meta":{"footnotes":""},"categories":[17,8,9],"tags":[926],"class_list":["post-8382","post","type-post","status-publish","format-standard","has-post-thumbnail","hentry","category-locales-cadereyta","category-seguridad","category-seguridad-cadereyta","tag-ejecutados-cadereyta"],"_links":{"self":[{"href":"https:\/\/laultimapalabra.com.mx\/portal\/wp-json\/wp\/v2\/posts\/8382","targetHints":{"allow":["GET"]}}],"collection":[{"href":"https:\/\/laultimapalabra.com.mx\/portal\/wp-json\/wp\/v2\/posts"}],"about":[{"href":"https:\/\/laultimapalabra.com.mx\/portal\/wp-json\/wp\/v2\/types\/post"}],"author":[{"embeddable":true,"href":"https:\/\/laultimapalabra.com.mx\/portal\/wp-json\/wp\/v2\/users\/9"}],"replies":[{"embeddable":true,"href":"https:\/\/laultimapalabra.com.mx\/portal\/wp-json\/wp\/v2\/comments?post=8382"}],"version-history":[{"count":1,"href":"https:\/\/laultimapalabra.com.mx\/portal\/wp-json\/wp\/v2\/posts\/8382\/revisions"}],"predecessor-version":[{"id":67471,"href":"https:\/\/laultimapalabra.com.mx\/portal\/wp-json\/wp\/v2\/posts\/8382\/revisions\/67471"}],"wp:featuredmedia":[{"embeddable":true,"href":"https:\/\/laultimapalabra.com.mx\/portal\/wp-json\/"}],"wp:attachment":[{"href":"https:\/\/laultimapalabra.com.mx\/portal\/wp-json\/wp\/v2\/media?parent=8382"}],"wp:term":[{"taxonomy":"category","embeddable":true,"href":"https:\/\/laultimapalabra.com.mx\/portal\/wp-json\/wp\/v2\/categories?post=8382"},{"taxonomy":"post_tag","embeddable":true,"href":"https:\/\/laultimapalabra.com.mx\/portal\/wp-json\/wp\/v2\/tags?post=8382"}],"curies":[{"name":"wp","href":"https:\/\/api.w.org\/{rel}","templated":true}]}}