                       {"id":8386,"date":"2019-06-05T00:25:42","date_gmt":"2019-06-05T05:25:42","guid":{"rendered":"http:\/\/laultimapalabra.info\/?p=8386"},"modified":"2024-12-11T08:55:51","modified_gmt":"2024-12-11T14:55:51","slug":"comparten-medidas-de-seguridad-pc-y-ps-en-escuelas-de-cadereyta","status":"publish","type":"post","link":"https:\/\/laultimapalabra.com.mx\/portal\/comparten-medidas-de-seguridad-pc-y-ps-en-escuelas-de-cadereyta\/","title":{"rendered":"Comparten &#8220;Medidas de Seguridad&#8221; PC y PS en escuelas de Cadereyta"},"content":{"rendered":"<blockquote><p><img loading=\"lazy\" decoding=\"async\" class=\"alignnone size-medium wp-image-8387\" src=\"https:\/\/laultimapalabra.com.mx\/portal\/wp-content\/uploads\/2019\/06\/IMG-20190604-WA0014-300x200.jpg\" alt=\"\" width=\"300\" height=\"200\" \/>Cadereyta Jim\u00e9nez, N.L.- La tarde de ayer martes elementos de Protecci\u00f3n Civil y personal de Prevenci\u00f3n Social de Cadereyta, impartieron platicas y pr\u00e1cticas de Medidas de Seguridad en la Escuela Primaria Mar\u00eda De Jes\u00fas Dosamantes T.V del Fraccionamiento Valle del Roble.<br \/>\nNi\u00f1as y ni\u00f1os de los seis grados de primaria estuvieron muy atentos a las explicaciones por parte de los elementos y practicaron distintas actividades en compa\u00f1\u00eda de bomberos Cadereyta.<br \/>\nDavid Calder\u00f3n R\u00edos, Director de Prevenci\u00f3n Social en el Municipio en compa\u00f1\u00eda de Alejandro Rico Sandoval, Coordinador de Protecci\u00f3n Civil, interactuaron con los alumnos sobre las principales acciones que se deben realizar en caso de un incendio o actividad de seguridad.<\/p><\/blockquote>\n","protected":false},"excerpt":{"rendered":"<p>Cadereyta Jim\u00e9nez, N.L.- La tarde de ayer martes elementos de Protecci\u00f3n Civil y personal de Prevenci\u00f3n Social de Cadereyta, impartieron platicas y pr\u00e1cticas de Medidas de Seguridad en la Escuela Primaria Mar\u00eda De Jes\u00fas Dosamantes T.V del Fraccionamiento Valle del Roble. Ni\u00f1as y ni\u00f1os de los seis grados de primaria estuvieron muy atentos a las [&hellip;]<\/p>\n","protected":false},"author":9,"featured_media":8388,"comment_status":"open","ping_status":"closed","sticky":false,"template":"","format":"standard","meta":{"footnotes":""},"categories":[17,8,9],"tags":[1172,1795],"class_list":["post-8386","post","type-post","status-publish","format-standard","has-post-thumbnail","hentry","category-locales-cadereyta","category-seguridad","category-seguridad-cadereyta","tag-guillermo-de-leon-delgado","tag-platicas-prevencion"],"_links":{"self":[{"href":"https:\/\/laultimapalabra.com.mx\/portal\/wp-json\/wp\/v2\/posts\/8386","targetHints":{"allow":["GET"]}}],"collection":[{"href":"https:\/\/laultimapalabra.com.mx\/portal\/wp-json\/wp\/v2\/posts"}],"about":[{"href":"https:\/\/laultimapalabra.com.mx\/portal\/wp-json\/wp\/v2\/types\/post"}],"author":[{"embeddable":true,"href":"https:\/\/laultimapalabra.com.mx\/portal\/wp-json\/wp\/v2\/users\/9"}],"replies":[{"embeddable":true,"href":"https:\/\/laultimapalabra.com.mx\/portal\/wp-json\/wp\/v2\/comments?post=8386"}],"version-history":[{"count":1,"href":"https:\/\/laultimapalabra.com.mx\/portal\/wp-json\/wp\/v2\/posts\/8386\/revisions"}],"predecessor-version":[{"id":67473,"href":"https:\/\/laultimapalabra.com.mx\/portal\/wp-json\/wp\/v2\/posts\/8386\/revisions\/67473"}],"wp:featuredmedia":[{"embeddable":true,"href":"https:\/\/laultimapalabra.com.mx\/portal\/wp-json\/"}],"wp:attachment":[{"href":"https:\/\/laultimapalabra.com.mx\/portal\/wp-json\/wp\/v2\/media?parent=8386"}],"wp:term":[{"taxonomy":"category","embeddable":true,"href":"https:\/\/laultimapalabra.com.mx\/portal\/wp-json\/wp\/v2\/categories?post=8386"},{"taxonomy":"post_tag","embeddable":true,"href":"https:\/\/laultimapalabra.com.mx\/portal\/wp-json\/wp\/v2\/tags?post=8386"}],"curies":[{"name":"wp","href":"https:\/\/api.w.org\/{rel}","templated":true}]}}