                       {"id":8390,"date":"2019-06-05T14:10:58","date_gmt":"2019-06-05T19:10:58","guid":{"rendered":"http:\/\/laultimapalabra.info\/?p=8390"},"modified":"2024-12-11T08:55:51","modified_gmt":"2024-12-11T14:55:51","slug":"hallan-cadaver-de-una-joven-en-brecha-de-cadereyta","status":"publish","type":"post","link":"https:\/\/laultimapalabra.com.mx\/portal\/hallan-cadaver-de-una-joven-en-brecha-de-cadereyta\/","title":{"rendered":"Hallan cad\u00e1ver de una joven en brecha de Cadereyta"},"content":{"rendered":"<p style=\"text-align: justify;\"><img loading=\"lazy\" decoding=\"async\" class=\"size-medium wp-image-8391 alignleft\" src=\"https:\/\/laultimapalabra.com.mx\/portal\/wp-content\/uploads\/2019\/06\/victima-anos-edad-foto-agustin_31_0_578_360-300x187.jpg\" alt=\"\" width=\"300\" height=\"187\" \/>Fue localizada con signos de violencia cerca del bulevar Revoluci\u00f3n, a espaldas de una tienda departamental.<\/p>\n<p style=\"text-align: justify;\">El cuerpo de una joven fue hallado la ma\u00f1ana de este mi\u00e9rcoles con signos de violencia, en el municipio de Cadereyta.<\/p>\n<p style=\"text-align: justify;\">El cad\u00e1ver fue encontrado por una persona que caminaba por una brecha cercana al boulevar Revoluci\u00f3n, a espaldas de una tienda departamental.<\/p>\n<p style=\"text-align: justify;\">Sin ser confirmado a\u00fan por las autoridades, al parecer la v\u00edctima tiene al menos una herida por proyectil de arma de fuego a la altura de la cabeza, as\u00ed como traumatismos y golpes en las extremidades<\/p>\n<p style=\"text-align: justify;\">Como caracter\u00edsticas de la v\u00edctima se se\u00f1ala que ten\u00eda entre 20 y 25 a\u00f1os de edad, complexi\u00f3n delgada, tez blanca, y cabello te\u00f1ido en color rojo, adem\u00e1s de que vest\u00eda un short de mezclilla, una blusa tono beige y tenis blancos.<\/p>\n<p style=\"text-align: justify;\">Como se\u00f1a particular se indic\u00f3 que el cuerpo luce un tatuaje de \u201cLa santa muerte\u201d a la altura del antebrazo izquierdo.<\/p>\n<p style=\"text-align: justify;\">Hasta ahora no se tienen pistas de la probable identidad de la persona asesinada ni de qui\u00e9n cometi\u00f3 el crimen.<\/p>\n<p style=\"text-align: justify;\">Fuente: Milenio<\/p>\n","protected":false},"excerpt":{"rendered":"<p>Fue localizada con signos de violencia cerca del bulevar Revoluci\u00f3n, a espaldas de una tienda departamental. El cuerpo de una joven fue hallado la ma\u00f1ana de este mi\u00e9rcoles con signos de violencia, en el municipio de Cadereyta. El cad\u00e1ver fue encontrado por una persona que caminaba por una brecha cercana al boulevar Revoluci\u00f3n, a espaldas [&hellip;]<\/p>\n","protected":false},"author":9,"featured_media":8391,"comment_status":"open","ping_status":"closed","sticky":false,"template":"","format":"standard","meta":{"footnotes":""},"categories":[17,8,9],"tags":[926],"class_list":["post-8390","post","type-post","status-publish","format-standard","has-post-thumbnail","hentry","category-locales-cadereyta","category-seguridad","category-seguridad-cadereyta","tag-ejecutados-cadereyta"],"_links":{"self":[{"href":"https:\/\/laultimapalabra.com.mx\/portal\/wp-json\/wp\/v2\/posts\/8390","targetHints":{"allow":["GET"]}}],"collection":[{"href":"https:\/\/laultimapalabra.com.mx\/portal\/wp-json\/wp\/v2\/posts"}],"about":[{"href":"https:\/\/laultimapalabra.com.mx\/portal\/wp-json\/wp\/v2\/types\/post"}],"author":[{"embeddable":true,"href":"https:\/\/laultimapalabra.com.mx\/portal\/wp-json\/wp\/v2\/users\/9"}],"replies":[{"embeddable":true,"href":"https:\/\/laultimapalabra.com.mx\/portal\/wp-json\/wp\/v2\/comments?post=8390"}],"version-history":[{"count":1,"href":"https:\/\/laultimapalabra.com.mx\/portal\/wp-json\/wp\/v2\/posts\/8390\/revisions"}],"predecessor-version":[{"id":67475,"href":"https:\/\/laultimapalabra.com.mx\/portal\/wp-json\/wp\/v2\/posts\/8390\/revisions\/67475"}],"wp:featuredmedia":[{"embeddable":true,"href":"https:\/\/laultimapalabra.com.mx\/portal\/wp-json\/"}],"wp:attachment":[{"href":"https:\/\/laultimapalabra.com.mx\/portal\/wp-json\/wp\/v2\/media?parent=8390"}],"wp:term":[{"taxonomy":"category","embeddable":true,"href":"https:\/\/laultimapalabra.com.mx\/portal\/wp-json\/wp\/v2\/categories?post=8390"},{"taxonomy":"post_tag","embeddable":true,"href":"https:\/\/laultimapalabra.com.mx\/portal\/wp-json\/wp\/v2\/tags?post=8390"}],"curies":[{"name":"wp","href":"https:\/\/api.w.org\/{rel}","templated":true}]}}