                       {"id":8438,"date":"2019-06-06T22:48:06","date_gmt":"2019-06-07T03:48:06","guid":{"rendered":"http:\/\/laultimapalabra.info\/?p=8438"},"modified":"2024-12-11T08:55:52","modified_gmt":"2024-12-11T14:55:52","slug":"el-quemador-67","status":"publish","type":"post","link":"https:\/\/laultimapalabra.com.mx\/portal\/el-quemador-67\/","title":{"rendered":"El Quemador"},"content":{"rendered":"<p style=\"text-align: justify;\"><img loading=\"lazy\" decoding=\"async\" class=\"size-medium wp-image-159 alignleft\" src=\"https:\/\/laultimapalabra.com.mx\/portal\/wp-content\/uploads\/2018\/02\/Banner-Caliente-copia-300x171.jpg\" alt=\"\" width=\"300\" height=\"171\" \/>Por: El Repre<\/p>\n<p style=\"text-align: justify;\">MARISOL Y GLORIA<br \/>\nIniciamos esta columneja platic\u00e1ndoles un poquito de la s\u00faper despedida que tuvieron las comayitas de Marisol Ram\u00edrez y Gloria Pineda, dos mujeronas de esas de las que quedan pocas y que se van a extra\u00f1ar\u2026pues c\u00f3mo toda la refi se enter\u00f3, la semana pasada fueron los \u00faltimos d\u00edas de labores en nuestra empresa de Marisol y Gloria quienes ya disfrutan muy merecidamente de la bendita jubilaci\u00f3n\u2026s\u00edganle!!<br \/>\nICONOS<br \/>\nPara las nuevas generaciones que no alcanzaron a conocer a este par de mujeres les diremos que fueron iconos en las \u00e1reas de Personal y Recursos Humanos\u2026mujeres responsables, honestas, con vocaci\u00f3n de servicio y muy chambeadoras, as\u00ed se distingu\u00edan siempre Gloria Pineda y Marisol Ram\u00edrez\u2026mujeres que sin duda dejaron escuela a las nuevas generaciones y mujeres a las que no se les dificultaba nada!!<br \/>\nSENTIMIENTOS<br \/>\nY como era de esperarse, fue inevitable que al saber que estas dos chiscas de Personal se iban para siempre del ambiente laboral, surgieran los sentimientos de todos los que tuvieron la suerte de ser atendidos por ellas, especialmente de quienes trabajaron a su lado\u2026lagrimas, nudos en las gargantas y hasta el moquillo escurrido fue la constante en la semana \u00faltima en la que estas dos aguerridas mujeres terminar\u00edan su magn\u00edfica trayectoria laboral de m\u00e1s de 30 a\u00f1os de servicio!!<br \/>\nGRAN DESPEDIDA<br \/>\nDice una frase que honor a quien honor merece\u2026y vaya que tanto Marisol como Gloria lo tuvieron en su \u00faltimo d\u00eda laboral\u2026la representaci\u00f3n de su departamento les organizo una despedida que m\u00e1s bien pareci\u00f3 una gran fiesta donde se ech\u00f3 la casa por la ventana, el lobby del edificio t\u00e9cnico se convirti\u00f3 en autentico sal\u00f3n, las mesas lucieron elegantes, el platillo resulto exquisito, el ambiente era de paz y alegr\u00eda\u2026pero sin duda lo mejor fueron los rostros de felicidad con toques de tristeza que Gloria y Marisol expresaban a flor de piel\u2026que bonita e inolvidable despedida!!<br \/>\nMENSAJES<br \/>\nY no pod\u00edan faltar los mensajes de las m\u00e1ximas autoridades de nuestra Empresa y Sindicato\u2026la Contadora Fabiola Kernion Jefa de Recursos Humanos, el Ingeniero Abner Santa Mar\u00eda y por supuesto nuestro Secretario General Rafael Ortu\u00f1o Gonz\u00e1lez\u2026los tres en su estilo dirigieron emotivos mensajes de reconocimiento a las reci\u00e9n jubiladas\u2026y hasta sus porras tuvieron!!<br \/>\nFELICITACIONES<br \/>\nPues no nos queda m\u00e1s que desearles el mejor de los \u00e9xitos a estas dos mujeres que entregaron gran parte de su vida a nuestra empresa para el servicio de los trabajadores\u2026felicitaciones y muchas bendiciones a las dos!!<br \/>\nM\u00c1S DEL GRE\u00d1AS<br \/>\nDel que se sigue hablando y muy feo en el Hospital es del Gre\u00f1as N\u00fa\u00f1ez, el casi nazi formado en los Hospitales militares m\u00e1s perros del pa\u00eds\u2026seguramente en esos nosocomios le ense\u00f1aron abusar de su puesto para beneficiar a chamaquitas que corteja\u2026que poca madre, y si ya le firmo a la linda Evelyn pues que les firme a las dem\u00e1s\u2026no!!<br \/>\nMARIMENSA<br \/>\nPues la que sigue sin dar el kilo y eso que ya va para el a\u00f1o en el puesto es la Marimensa de Ventas\u2026y es que los correos que nos llegan son muchos reportando que no sabe dar respuesta a nada y nomas se queda viendo como mensa volteando a ver a la Mimosa\u2026as\u00ed vivi\u00f3!!<br \/>\nJUBILADOS<br \/>\nLos jubilados de Ventas ya se quejaron que no les pagan gasolina y la \u00fanica respuesta que da es que eso lo ve la gerencia y que es culpa del sistema y de la persona que estaba anteriormente en el puesto\u2026puras excusas las de la Marimensa, pero la verdad es que no sabe hacer su trabajo, que verg\u00fcenza con esta mujer!!<br \/>\nMIMOSA<br \/>\nNos lleg\u00f3 informaci\u00f3n que la que ya se ha dado varios agarrones con los compitas es la Mimosa\u2026y todo por la forma en como les habla o les pide las cosas, tambi\u00e9n nos dicen que por temor a represalias no quieren acusarla ni reportarla\u2026tanto miedo le tienen a la guap\u00edsima Mimosa!!<br \/>\nEL CHEKIN<br \/>\nDicen las malas lenguas que la Mimosa anda as\u00ed porque ya se anda separando de su amor el ayudante de patio, el tal Chekin, pues este se va de borrachote con los amigos y ya no la pela (pelado tan zonzo y desperdiciado)\u2026es por eso que la exuberante e imponente Mimosa anda que no la calienta ni el sol\u2026pues nomas que se hable la Mimos y con gusto la atendemos\u2026ah loco!!&#8230;Arrivederchi!!<\/p>\n","protected":false},"excerpt":{"rendered":"<p>Por: El Repre MARISOL Y GLORIA Iniciamos esta columneja platic\u00e1ndoles un poquito de la s\u00faper despedida que tuvieron las comayitas de Marisol Ram\u00edrez y Gloria Pineda, dos mujeronas de esas de las que quedan pocas y que se van a extra\u00f1ar\u2026pues c\u00f3mo toda la refi se enter\u00f3, la semana pasada fueron los \u00faltimos d\u00edas de [&hellip;]<\/p>\n","protected":false},"author":9,"featured_media":159,"comment_status":"open","ping_status":"closed","sticky":false,"template":"","format":"standard","meta":{"footnotes":""},"categories":[1],"tags":[944],"class_list":["post-8438","post","type-post","status-publish","format-standard","has-post-thumbnail","hentry","category-noticias","tag-el-repre-el-quemador"],"_links":{"self":[{"href":"https:\/\/laultimapalabra.com.mx\/portal\/wp-json\/wp\/v2\/posts\/8438","targetHints":{"allow":["GET"]}}],"collection":[{"href":"https:\/\/laultimapalabra.com.mx\/portal\/wp-json\/wp\/v2\/posts"}],"about":[{"href":"https:\/\/laultimapalabra.com.mx\/portal\/wp-json\/wp\/v2\/types\/post"}],"author":[{"embeddable":true,"href":"https:\/\/laultimapalabra.com.mx\/portal\/wp-json\/wp\/v2\/users\/9"}],"replies":[{"embeddable":true,"href":"https:\/\/laultimapalabra.com.mx\/portal\/wp-json\/wp\/v2\/comments?post=8438"}],"version-history":[{"count":1,"href":"https:\/\/laultimapalabra.com.mx\/portal\/wp-json\/wp\/v2\/posts\/8438\/revisions"}],"predecessor-version":[{"id":67503,"href":"https:\/\/laultimapalabra.com.mx\/portal\/wp-json\/wp\/v2\/posts\/8438\/revisions\/67503"}],"wp:featuredmedia":[{"embeddable":true,"href":"https:\/\/laultimapalabra.com.mx\/portal\/wp-json\/"}],"wp:attachment":[{"href":"https:\/\/laultimapalabra.com.mx\/portal\/wp-json\/wp\/v2\/media?parent=8438"}],"wp:term":[{"taxonomy":"category","embeddable":true,"href":"https:\/\/laultimapalabra.com.mx\/portal\/wp-json\/wp\/v2\/categories?post=8438"},{"taxonomy":"post_tag","embeddable":true,"href":"https:\/\/laultimapalabra.com.mx\/portal\/wp-json\/wp\/v2\/tags?post=8438"}],"curies":[{"name":"wp","href":"https:\/\/api.w.org\/{rel}","templated":true}]}}