                       {"id":8440,"date":"2019-06-06T22:49:42","date_gmt":"2019-06-07T03:49:42","guid":{"rendered":"http:\/\/laultimapalabra.info\/?p=8440"},"modified":"2024-12-11T08:55:52","modified_gmt":"2024-12-11T14:55:52","slug":"la-guarida-del-mapache-65","status":"publish","type":"post","link":"https:\/\/laultimapalabra.com.mx\/portal\/la-guarida-del-mapache-65\/","title":{"rendered":"La Guarida del Mapache"},"content":{"rendered":"<p style=\"text-align: justify;\"><img loading=\"lazy\" decoding=\"async\" class=\"size-medium wp-image-155 alignleft\" src=\"https:\/\/laultimapalabra.com.mx\/portal\/wp-content\/uploads\/2018\/02\/mapache-300x282.jpeg\" alt=\"\" width=\"300\" height=\"282\" \/>Por: El Mapache<\/p>\n<p style=\"text-align: justify;\">\u00bfQu\u00e9 onda raza? \u00bfC\u00f3mo les ha ido de calor? La neta es que ha estado brutal as\u00ed que espero que anden cuidando a las personas de la 3ra edad y a los peques, porque aquello de las deshidrataci\u00f3n va a estar de a mill\u00f3n, y sin m\u00e1s pre\u00e1mbulos vamos a empezar con la chamba.<br \/>\nCONGRATULATIONS<br \/>\nAntes de que se me olvide y pase aqu\u00ed su servilleta por otros temas, d\u00e9jenme le mando una enorme felicitaci\u00f3n a nuestra queridis\u00edma \u201cLulis\u201d de los Rugis raza, porque la mujercita estuvo de manteles largos esta semanuca por motivo de su BDAY. Que sean muchos a\u00f1os y que se la haya pasado de lo mejor.<br \/>\nOTRA<br \/>\nY por cierto, otra feli pero esta vez al mero mero petatero de all\u00e1 de la comandancia raza, al \u201ctomandante Gama1000\u201d jejeje y no es \u201cbarba\u201d pa\u2019 que me hagan paro en mis disturbios jeje, no se\u00f1or, lo que pasa es que se adentr\u00f3 durante esta semana en la investigations del chavito que se perdi\u00f3 en Valle del Roble y dio con todo el embrollo de esa desaparici\u00f3n que afortunadamente t\u00e9rmino de una manera muy feliz, as\u00ed que felicidades por saber entrarle al toro.<br \/>\nGOOD JOB<br \/>\nY pues tal pareciera raza que esta semanuca fueron puras buenas jejeje porque pues para empezar se avent\u00f3 un buen jale el \u201cbigotes\u201d quintanilla con aquello de las gestiones para el arreglo de la calle Morelos compis, esa que esta por la Unidad Deportiva, pues bueno ya despu\u00e9s de mucho quejarnos de ella pues ya le van a dar su \u201cmanita\u201d de gato y la raza de varias colonias pues van a poder transitar m\u00e1s a gusto, bien por la administration.<br \/>\nAGRADECIMIENTO<br \/>\nY pues ya \u201csabanas\u201d que aparte pues se compraron los 3 camioncitos para la basura en Valle del Roble, cosa raza que no se hac\u00eda desde poco m\u00e1s de once a\u00f1os, adem\u00e1s de que se arreglar\u00e1 la calle L\u00f3pez Mateos de aqu\u00ed del centro compis, pues en esta \u00faltima obra que el \u201cBigotes\u201d le da su agradecimiento en la obtenci\u00f3n de los recursos a Carlos \u201cEl Cuate de Emeterio\u201d Rodr\u00edguez, quien al parecer meti\u00f3 su cuchara para que las cosas se dieran \u00a1bien por \u00e9l!<br \/>\nINVISIBLE<br \/>\nLo que la neta nos preguntamos compis, es que pues si el \u201cCuate de Emeterio\u201d tuvo que meter las manos en esas gestiones, pues entonces como que pa\u00b4qu\u00e9 queremos a Don Ame, \u00bfno se supone que esa es su funci\u00f3n? Sabemos que su Secretar\u00eda eso es lo que deber\u00eda andar haciendo, pero pues como que anda de hombre invisible el Don Ame porque su jale nom\u00e1s no se ve por ning\u00fan lado.<br \/>\nBANDERA<br \/>\n\u00bfSer\u00e1 por eso que no le dieron bandera en el evento de la calle Morelos? Jejejeje porque vimos por ah\u00ed que no tra\u00eda, pero la neta del planeta es que ignoramos si no tra\u00eda porque no le dieron o porque se acabaron jejeje.<br \/>\nCONSEJITO<br \/>\nOigan y regresando a la obra de la Morelos, que no es la GRAN OBRA pero que al menos representa jale para el \u201cBigotes\u201d, el \u00fanico pelo que le encontr\u00e9 a la obra de m\u00e1s de 7 \u201cmelones\u201d, es que se haya realizado en una calle que va a beneficiar a cole m\u00e1s Nice de mi querida Cadiz, por eso andan tan calladitos los del Consejito Ciudadano y pues es lo \u00fanico que no me \u201ccuadra\u201d,aunque de ser necesaria la obra pues s\u00ed lo es, eso que ni qu\u00e9 raza.<br \/>\nFALTAS<br \/>\nY pues ahora las que faltaron a la sesi\u00f3n de cabildo raza, fue la ladyDemande y la morenaza Clau, quienes pues nom\u00e1s no llegaron, eso s\u00ed, les jutificaron la falta para que no se les vaya a descontar de la jugosa quincenuca que se cobran jejeje, lo m\u00e1s feito es que LadyDemande no haya ido, sobre todo porque va regresando caramba y ya anda ah\u00ed faltando jejeje.<br \/>\nFIGURAS<br \/>\nY a otra de las figuras de la vida polaca que se le ha podido ver paseando tranquilamente en el Palace compis, es ni m\u00e1s ni menos que al buen \u201cBetico\u201d Arizpe, quien se da el lujo de poder hacer eso sin tener que bajar la cabeza, o entrar con la cola entre las patas como sus colegas de la administration de De$pre$iado o de \u201cBurroTello\u201d Arizpe, \u00e9sos compas s\u00ed que a veces ni andar por Cadiz pueden, al contrario de \u00e9l que como hizo su chamba bien pues no hay ni qu\u00e9 reclamarle.<br \/>\nAVIADOR<br \/>\nY al que supimos de muy buena fuente que entro en Presi por \u201crecomendaci\u00f3n\u201d de la Gilary Kardoza, fue ni m\u00e1s ni menos que el Event Planner de C\u00e1diz, \u201cLacho\u201d Rich, pero lo que no sabemos es \u00f3nde lo meti\u00f3 raza jejeje porque nom\u00e1s no lo hemos visto ni en oficinas ni en eventos, esperamos, esperamos que pronto aparezca, porque de lo contrario pues si estar\u00edamos confirmando que tenemos aviadorcillos por ah\u00ed jejeje como bella mariposa que es compis.<br \/>\nCALOR<br \/>\nY pues bueno es hora de ir a descansar raza, que aqu\u00ed su servilleta ya labor\u00f3 lo suficiente esta semanuca jejeje asi que hay que darle descanso al cuerpo y nos vemos en la pr\u00f3xima, recuerden que tendremos un intenso calor este weekend y que hay que cuidarnos e hidratarnos raza\u2026.La vemos.<\/p>\n","protected":false},"excerpt":{"rendered":"<p>Por: El Mapache \u00bfQu\u00e9 onda raza? \u00bfC\u00f3mo les ha ido de calor? La neta es que ha estado brutal as\u00ed que espero que anden cuidando a las personas de la 3ra edad y a los peques, porque aquello de las deshidrataci\u00f3n va a estar de a mill\u00f3n, y sin m\u00e1s pre\u00e1mbulos vamos a empezar con [&hellip;]<\/p>\n","protected":false},"author":9,"featured_media":155,"comment_status":"open","ping_status":"closed","sticky":false,"template":"","format":"standard","meta":{"footnotes":""},"categories":[1],"tags":[940],"class_list":["post-8440","post","type-post","status-publish","format-standard","has-post-thumbnail","hentry","category-noticias","tag-el-mapache-la-guarida-del-mapache"],"_links":{"self":[{"href":"https:\/\/laultimapalabra.com.mx\/portal\/wp-json\/wp\/v2\/posts\/8440","targetHints":{"allow":["GET"]}}],"collection":[{"href":"https:\/\/laultimapalabra.com.mx\/portal\/wp-json\/wp\/v2\/posts"}],"about":[{"href":"https:\/\/laultimapalabra.com.mx\/portal\/wp-json\/wp\/v2\/types\/post"}],"author":[{"embeddable":true,"href":"https:\/\/laultimapalabra.com.mx\/portal\/wp-json\/wp\/v2\/users\/9"}],"replies":[{"embeddable":true,"href":"https:\/\/laultimapalabra.com.mx\/portal\/wp-json\/wp\/v2\/comments?post=8440"}],"version-history":[{"count":1,"href":"https:\/\/laultimapalabra.com.mx\/portal\/wp-json\/wp\/v2\/posts\/8440\/revisions"}],"predecessor-version":[{"id":67505,"href":"https:\/\/laultimapalabra.com.mx\/portal\/wp-json\/wp\/v2\/posts\/8440\/revisions\/67505"}],"wp:featuredmedia":[{"embeddable":true,"href":"https:\/\/laultimapalabra.com.mx\/portal\/wp-json\/"}],"wp:attachment":[{"href":"https:\/\/laultimapalabra.com.mx\/portal\/wp-json\/wp\/v2\/media?parent=8440"}],"wp:term":[{"taxonomy":"category","embeddable":true,"href":"https:\/\/laultimapalabra.com.mx\/portal\/wp-json\/wp\/v2\/categories?post=8440"},{"taxonomy":"post_tag","embeddable":true,"href":"https:\/\/laultimapalabra.com.mx\/portal\/wp-json\/wp\/v2\/tags?post=8440"}],"curies":[{"name":"wp","href":"https:\/\/api.w.org\/{rel}","templated":true}]}}