                       {"id":8492,"date":"2019-06-13T18:05:11","date_gmt":"2019-06-13T23:05:11","guid":{"rendered":"http:\/\/laultimapalabra.info\/?p=8492"},"modified":"2024-12-11T08:55:53","modified_gmt":"2024-12-11T14:55:53","slug":"el-obelisco-de-1871","status":"publish","type":"post","link":"https:\/\/laultimapalabra.com.mx\/portal\/el-obelisco-de-1871\/","title":{"rendered":"El Obelisco de 1871"},"content":{"rendered":"<p style=\"text-align: justify;\">\u00a0<img loading=\"lazy\" decoding=\"async\" class=\"size-medium wp-image-8495 alignright\" src=\"https:\/\/laultimapalabra.com.mx\/portal\/wp-content\/uploads\/2019\/06\/20729448_1374268769346827_6913748313294140179_n-300x201.jpg\" alt=\"\" width=\"300\" height=\"201\" \/>Por: Dr. Jos\u00e9 Ascenci\u00f3n Tijerina Flores<\/p>\n<p style=\"text-align: justify;\">\u201cPara 1871 Cadereyta luc\u00eda un gran avance comercial, agr\u00edcola y ganadero, su plaza de armas (Almas) era el lugar favorito de las familias para convivir y compartir las experiencias vividas bajo las sombras de frondosos \u00e1rboles y naranjos agrios muy solicitados para la elaboraci\u00f3n de conservas de cascara de naranja\u201d; as\u00ed nos relata la situaci\u00f3n de nuestro pueblo el siempre bien recordado cronista Don Raymundo Rodr\u00edguez Cant\u00fa en un viejo escrito salido de su certera pluma.<\/p>\n<p style=\"text-align: justify;\">Al centro de la plaza se encontraba una pir\u00e1mide obelisco (Pir\u00e1mide de piedra con una base cuadrada de gran altura y perpendicular con inscripciones de jerogl\u00edficos o leyendas de personajes que sirve para adornar u honrar la memoria de personajes ya fallecidos) este monumento era una construcci\u00f3n de buen gusto, de arquitectura \u00e1gil y din\u00e1mica\u00a0 que habr\u00eda sido construido en 1814 en los inicios del movimiento revolucionario que culminar\u00eda en 1821 con la Independencia de M\u00e9xico.<\/p>\n<p style=\"text-align: justify;\">La cooperaci\u00f3n de los vecinos y autoridades har\u00edan de este sitio un lugar limpio y respetado (contrario a lo que sucede hoy lleno de basura, malos olores y ruido insoportable) para conmemorar y solemnizar el ascenso al trono de Espa\u00f1a del Rey Fernando VII por segunda ocasi\u00f3n en marzo de 1812.<\/p>\n<p style=\"text-align: justify;\">Tendr\u00eda una altura aproximada de 20 metros construida con cantera, material muy consistente y parecido al sillar (tepetate) con remates al final que lo hac\u00edan m\u00e1s atractivo.<\/p>\n<p style=\"text-align: justify;\">En 1890 la junta de mejoras materiales presidida por Don Eugenio Serrano Garc\u00eda y con la autorizaci\u00f3n del Gobernador Genaro Garza Garc\u00eda se orden\u00f3 derribarlo para colocar en su lugar la original fuente de agua en lugar de colocar el reloj reci\u00e9n adquirido en los Estados Unidos en el citado monumento.<\/p>\n<p style=\"text-align: justify;\">La fuente de agua construida por el mismo tiempo seria con base de m\u00e1rmol Italiano (carrara) con figuras de garza y ninfas de adorno al centro.<\/p>\n<p style=\"text-align: justify;\">El Alcalde de ese tiempo Don Juan Vargas Duran comision\u00f3 al ex alcalde Juan Olvera quien en 1882 inform\u00f3 de la eliminaci\u00f3n de aquel monumento. Vargas Duran se opon\u00eda a la destrucci\u00f3n del obelisco tal vez pensando que con ello podr\u00eda ofender a las personalidades espa\u00f1olas que abundaban en nuestro pa\u00eds.<\/p>\n<p style=\"text-align: justify;\">Tal fue su disgusto que provoc\u00f3 una fuerte divisi\u00f3n de opiniones entre la poblaci\u00f3n que pod\u00eda convertirse este hecho en tragedia, por lo que decidi\u00f3 renunciar a su puesto para as\u00ed mantener su fidelidad al gobierno espa\u00f1ol y mantenerse ecu\u00e1nime y en paz consigo mismo.<\/p>\n<p style=\"text-align: justify;\">Estos datos se encuentran a la vista en nuestro valios\u00edsimos archivo hist\u00f3rico municipal as\u00ed como en el libro del bueno amigo \u00c1ngel Mario Rocha Leal \u201cPerfil de un pueblo con historia\u201d.<\/p>\n<p style=\"text-align: justify;\">Gracias<\/p>\n<p style=\"text-align: justify;\">Dan reconocimiento al Dr. Tijerina\u2026 En ciudad Guadalupe Nuevo Le\u00f3n<\/p>\n<p style=\"text-align: justify;\"><img loading=\"lazy\" decoding=\"async\" class=\"size-medium wp-image-8494 alignleft\" src=\"https:\/\/laultimapalabra.com.mx\/portal\/wp-content\/uploads\/2019\/06\/9f232e30-9fba-44b7-a2e3-078352572b9d-300x169.jpg\" alt=\"\" width=\"300\" height=\"169\" \/>Dentro de los festejos de clausura del 75 aniversario de la Uni\u00f3n Ganadera de Nuevo Le\u00f3n se otorg\u00f3 reconocimiento a Dr. Por trayectoria de 38 a\u00f1os en la organizaci\u00f3n y el agradecimiento de la Asociaci\u00f3n de Cabalgantes del Estado de Nuevo Le\u00f3n izq. a der. Lic. Juan Garza locutor y maestro de ceremonias, el homenajeado, el representante del Gobernador del Estado Rodolfo Far\u00edas, la Alcaldesa de Guadalupe Cristina D\u00edaz y el Diputado y presidente de la Uni\u00f3n Ganadera Adri\u00e1n de la Garza<\/p>\n<p style=\"text-align: justify;\">\n","protected":false},"excerpt":{"rendered":"<p>\u00a0Por: Dr. Jos\u00e9 Ascenci\u00f3n Tijerina Flores \u201cPara 1871 Cadereyta luc\u00eda un gran avance comercial, agr\u00edcola y ganadero, su plaza de armas (Almas) era el lugar favorito de las familias para convivir y compartir las experiencias vividas bajo las sombras de frondosos \u00e1rboles y naranjos agrios muy solicitados para la elaboraci\u00f3n de conservas de cascara de [&hellip;]<\/p>\n","protected":false},"author":9,"featured_media":8495,"comment_status":"open","ping_status":"closed","sticky":false,"template":"","format":"standard","meta":{"footnotes":""},"categories":[1],"tags":[879],"class_list":["post-8492","post","type-post","status-publish","format-standard","has-post-thumbnail","hentry","category-noticias","tag-dr-jose-ascencion-tijerina-flores"],"_links":{"self":[{"href":"https:\/\/laultimapalabra.com.mx\/portal\/wp-json\/wp\/v2\/posts\/8492","targetHints":{"allow":["GET"]}}],"collection":[{"href":"https:\/\/laultimapalabra.com.mx\/portal\/wp-json\/wp\/v2\/posts"}],"about":[{"href":"https:\/\/laultimapalabra.com.mx\/portal\/wp-json\/wp\/v2\/types\/post"}],"author":[{"embeddable":true,"href":"https:\/\/laultimapalabra.com.mx\/portal\/wp-json\/wp\/v2\/users\/9"}],"replies":[{"embeddable":true,"href":"https:\/\/laultimapalabra.com.mx\/portal\/wp-json\/wp\/v2\/comments?post=8492"}],"version-history":[{"count":1,"href":"https:\/\/laultimapalabra.com.mx\/portal\/wp-json\/wp\/v2\/posts\/8492\/revisions"}],"predecessor-version":[{"id":67531,"href":"https:\/\/laultimapalabra.com.mx\/portal\/wp-json\/wp\/v2\/posts\/8492\/revisions\/67531"}],"wp:featuredmedia":[{"embeddable":true,"href":"https:\/\/laultimapalabra.com.mx\/portal\/wp-json\/"}],"wp:attachment":[{"href":"https:\/\/laultimapalabra.com.mx\/portal\/wp-json\/wp\/v2\/media?parent=8492"}],"wp:term":[{"taxonomy":"category","embeddable":true,"href":"https:\/\/laultimapalabra.com.mx\/portal\/wp-json\/wp\/v2\/categories?post=8492"},{"taxonomy":"post_tag","embeddable":true,"href":"https:\/\/laultimapalabra.com.mx\/portal\/wp-json\/wp\/v2\/tags?post=8492"}],"curies":[{"name":"wp","href":"https:\/\/api.w.org\/{rel}","templated":true}]}}