                       {"id":8516,"date":"2019-06-13T21:59:50","date_gmt":"2019-06-14T02:59:50","guid":{"rendered":"http:\/\/laultimapalabra.info\/?p=8516"},"modified":"2024-12-11T08:55:53","modified_gmt":"2024-12-11T14:55:53","slug":"quiero-sacarme-la-espinita-sabas","status":"publish","type":"post","link":"https:\/\/laultimapalabra.com.mx\/portal\/quiero-sacarme-la-espinita-sabas\/","title":{"rendered":"\u201cQuiero sacarme  la espinita\u201d: Sab\u00e1s"},"content":{"rendered":"<p style=\"text-align: justify;\">No se descarta el galeno para buscar la alcald\u00eda jimenense<\/p>\n<p style=\"text-align: justify;\"><img loading=\"lazy\" decoding=\"async\" class=\"size-medium wp-image-8517 alignleft\" src=\"https:\/\/laultimapalabra.com.mx\/portal\/wp-content\/uploads\/2019\/06\/base-6-300x225.jpg\" alt=\"\" width=\"300\" height=\"225\" \/>Miguel Oscar P\u00e9rez<br \/>\nCADEREYTA JIM\u00c9NEZ, N.L.-<br \/>\n\u201cEstoy informado de la pol\u00edtica, actualmente no tengo actividades pol\u00edticas\u201d, responde Sab\u00e1s Ren\u00e9 Tamez P\u00e9rez, al cuestionarle su estatus dentro de los c\u00edrculos partidistas.<br \/>\nDijo estar enfocado al cien por ciento en su trabajo como m\u00e9dico y en la asociaci\u00f3n \u201cSalvemos a Cadereyta del C\u00e1ncer de Mama\u201d, sin embargo dijo no estar ajeno ni descarta un regreso al escenario electoral.<br \/>\n\u201cLeo de pol\u00edtica, me invitan a reuniones, a veces voy cuando tengo oportunidad, a veces me es imposible, porque estoy al cien por ciento de mi cl\u00ednica\u201d, se\u00f1ala.<br \/>\nSe le aclara que hay versiones de que podr\u00eda participar en las pr\u00f3ximas elecciones como candidato a la alcald\u00eda de Cadereyta o a una diputaci\u00f3n.<br \/>\n\u201cAlguien me dijo que la pol\u00edtica era adictiva, despu\u00e9s que termin\u00f3 la campa\u00f1a anterior, con \u00e9l platicando, le dije pues este circo de la pol\u00edtica como que no me ha dado mucho, me desgasto mucho y yo le dije a mi amigo que no pensaba en volverme a involucrar en esas cuestiones\u201d.<br \/>\n\u201cSin embargo, como la Chimoltrufia: -como digo una cosa digo otra- no en este momento, no estoy pensando en ello, no s\u00e9 cuando lleguen dichos tiempos, qu\u00e9 partido me pueda invitar y ya veremos las circunstancias\u201d, agreg\u00f3.<br \/>\nSin embargo, aqu\u00ed a tu lado vemos un enlace de una diputada por Morena, \u00bfNo crees que ya lleves ventaja por ese partido?<br \/>\n\u201cNo, definitivamente no\u201d, responde y explica que aunque est\u00e1 la oficina de Enlace de la diputada Paola Gonz\u00e1lez, no ha acudido a ella por ser respetuoso del trabajo de la legisladora y fue \u00e9l quien le sugiri\u00f3 y le ofreci\u00f3 un espacio para la oficina de enlace legislativo de ella.<br \/>\nRecord\u00f3 que \u00e9l inici\u00f3 primero en Morena, luego emigr\u00f3 en buenos t\u00e9rminos a Nueva Alianza, conserv\u00f3 muchos amigos del partido con los que mantiene muy buena comunicaci\u00f3n al igual que del partido turquesa.<br \/>\nPero retomando la pregunta \u00bfsi tienes intenciones t\u00fa de participar por la alcald\u00eda de Cadereyta?<br \/>\n\u201cQuiero sacarme la espinita de una o de otra manera, quiero evidenciar realmente el empuje, el arraigo, no en cuesti\u00f3n de mi persona, en cuesti\u00f3n de que quise iniciar un cambio en la forma de pensar de la gente, quiero estar insistiendo\u201d, enf\u00e1tico expres\u00f3.<br \/>\nDijo buscar una lucha por un cambio de actitud de la gente, hacer ver a los votantes que ya no son los tiempos de antes, que el sufragio debe ser razonado y ya no se vendan estos por una despensa.<br \/>\nUsando como analog\u00eda su profesi\u00f3n, dijo que actualmente hay un movimiento denominado Salud Integrativa, en el que se mejora primero el entorno del paciente para que se refleje esto en la salud de la persona.<br \/>\n\u201cEso es lo que quiero hacer yo, quiero hacer m\u00e1s saludable nuestra sociedad y si parte de esa sanaci\u00f3n implica un cambio en cuanto a la decisi\u00f3n pol\u00edtica, es otro punto en el que voy a incidir\u201d, culmin\u00f3.<\/p>\n","protected":false},"excerpt":{"rendered":"<p>No se descarta el galeno para buscar la alcald\u00eda jimenense Miguel Oscar P\u00e9rez CADEREYTA JIM\u00c9NEZ, N.L.- \u201cEstoy informado de la pol\u00edtica, actualmente no tengo actividades pol\u00edticas\u201d, responde Sab\u00e1s Ren\u00e9 Tamez P\u00e9rez, al cuestionarle su estatus dentro de los c\u00edrculos partidistas. Dijo estar enfocado al cien por ciento en su trabajo como m\u00e9dico y en la [&hellip;]<\/p>\n","protected":false},"author":9,"featured_media":8517,"comment_status":"open","ping_status":"closed","sticky":false,"template":"","format":"standard","meta":{"footnotes":""},"categories":[17],"tags":[85,881],"class_list":["post-8516","post","type-post","status-publish","format-standard","has-post-thumbnail","hentry","category-locales-cadereyta","tag-alcaldi-cadereyta","tag-dr-sabas-tamez-perez"],"_links":{"self":[{"href":"https:\/\/laultimapalabra.com.mx\/portal\/wp-json\/wp\/v2\/posts\/8516","targetHints":{"allow":["GET"]}}],"collection":[{"href":"https:\/\/laultimapalabra.com.mx\/portal\/wp-json\/wp\/v2\/posts"}],"about":[{"href":"https:\/\/laultimapalabra.com.mx\/portal\/wp-json\/wp\/v2\/types\/post"}],"author":[{"embeddable":true,"href":"https:\/\/laultimapalabra.com.mx\/portal\/wp-json\/wp\/v2\/users\/9"}],"replies":[{"embeddable":true,"href":"https:\/\/laultimapalabra.com.mx\/portal\/wp-json\/wp\/v2\/comments?post=8516"}],"version-history":[{"count":1,"href":"https:\/\/laultimapalabra.com.mx\/portal\/wp-json\/wp\/v2\/posts\/8516\/revisions"}],"predecessor-version":[{"id":67545,"href":"https:\/\/laultimapalabra.com.mx\/portal\/wp-json\/wp\/v2\/posts\/8516\/revisions\/67545"}],"wp:featuredmedia":[{"embeddable":true,"href":"https:\/\/laultimapalabra.com.mx\/portal\/wp-json\/"}],"wp:attachment":[{"href":"https:\/\/laultimapalabra.com.mx\/portal\/wp-json\/wp\/v2\/media?parent=8516"}],"wp:term":[{"taxonomy":"category","embeddable":true,"href":"https:\/\/laultimapalabra.com.mx\/portal\/wp-json\/wp\/v2\/categories?post=8516"},{"taxonomy":"post_tag","embeddable":true,"href":"https:\/\/laultimapalabra.com.mx\/portal\/wp-json\/wp\/v2\/tags?post=8516"}],"curies":[{"name":"wp","href":"https:\/\/api.w.org\/{rel}","templated":true}]}}