                       {"id":8556,"date":"2019-06-13T22:08:27","date_gmt":"2019-06-14T03:08:27","guid":{"rendered":"http:\/\/laultimapalabra.info\/?p=8556"},"modified":"2024-12-11T08:55:54","modified_gmt":"2024-12-11T14:55:54","slug":"realizan-exitoso-mercado-social","status":"publish","type":"post","link":"https:\/\/laultimapalabra.com.mx\/portal\/realizan-exitoso-mercado-social\/","title":{"rendered":"Realizan exitoso Mercado Social"},"content":{"rendered":"<p style=\"text-align: justify;\"><img loading=\"lazy\" decoding=\"async\" class=\"size-medium wp-image-8560 alignleft\" src=\"https:\/\/laultimapalabra.com.mx\/portal\/wp-content\/uploads\/2019\/06\/3-300x169.jpg\" alt=\"\" width=\"300\" height=\"169\" \/>Beneficia a econom\u00eda de jurenses mercado a precios bajos.<\/p>\n<p style=\"text-align: justify;\">CD. BENITO JU\u00c1REZ, N.L.-<br \/>\nEl pasado martes por la ma\u00f1ana, los vecinos de varios sectores de la colonia Monte Kristal, Cerro de la Silla y Villas de San Francisco, se congregaron en el primer Mercado Social, organizado por la Secretar\u00eda de Desarrollo Social, mediante la Direcci\u00f3n de Promoci\u00f3n Social del municipio de Ju\u00e1rez.<br \/>\n<img loading=\"lazy\" decoding=\"async\" class=\"size-medium wp-image-8559 alignright\" src=\"https:\/\/laultimapalabra.com.mx\/portal\/wp-content\/uploads\/2019\/06\/2-1-300x225.jpg\" alt=\"\" width=\"300\" height=\"225\" \/>Con un precio de \u201cTodo a 12 pesos el kilo\u201d, los vecinos que llegaron al mercado ubicado en la delegaci\u00f3n Monte Kristal, en la avenida del mismo nombre.<br \/>\nFueron 450 personas que adquirieron su fruta y verdura de la empresa Bam Bam, adem\u00e1s productos l\u00e1cteos de la empresa Sello Rojo, Bimbo, Marinela, Sabritas y pr\u00f3ximamente estar\u00e1n en el mismo mercado Abarrotes y Carnes Lara y Tortillas Misi\u00f3n.<br \/>\n<img loading=\"lazy\" decoding=\"async\" class=\"size-medium wp-image-8558 alignleft\" src=\"https:\/\/laultimapalabra.com.mx\/portal\/wp-content\/uploads\/2019\/06\/1-3-300x169.jpg\" alt=\"\" width=\"300\" height=\"169\" \/>Los comentarios al iniciar el primer mercado fueron muy positivos de tal manera que ya est\u00e1n solicitando en varias colonias el Mercado Social.<br \/>\nLa gente adquiri\u00f3 sus productos a un precio s\u00faper bajo y de primera calidad, que sin duda fue un apoyo importante para sus bolsillos.<\/p>\n","protected":false},"excerpt":{"rendered":"<p>Beneficia a econom\u00eda de jurenses mercado a precios bajos. CD. BENITO JU\u00c1REZ, N.L.- El pasado martes por la ma\u00f1ana, los vecinos de varios sectores de la colonia Monte Kristal, Cerro de la Silla y Villas de San Francisco, se congregaron en el primer Mercado Social, organizado por la Secretar\u00eda de Desarrollo Social, mediante la Direcci\u00f3n [&hellip;]<\/p>\n","protected":false},"author":9,"featured_media":8557,"comment_status":"open","ping_status":"closed","sticky":false,"template":"","format":"standard","meta":{"footnotes":""},"categories":[18],"tags":[1537],"class_list":["post-8556","post","type-post","status-publish","format-standard","has-post-thumbnail","hentry","category-locales-juarez","tag-mercado-social-juarez"],"_links":{"self":[{"href":"https:\/\/laultimapalabra.com.mx\/portal\/wp-json\/wp\/v2\/posts\/8556","targetHints":{"allow":["GET"]}}],"collection":[{"href":"https:\/\/laultimapalabra.com.mx\/portal\/wp-json\/wp\/v2\/posts"}],"about":[{"href":"https:\/\/laultimapalabra.com.mx\/portal\/wp-json\/wp\/v2\/types\/post"}],"author":[{"embeddable":true,"href":"https:\/\/laultimapalabra.com.mx\/portal\/wp-json\/wp\/v2\/users\/9"}],"replies":[{"embeddable":true,"href":"https:\/\/laultimapalabra.com.mx\/portal\/wp-json\/wp\/v2\/comments?post=8556"}],"version-history":[{"count":1,"href":"https:\/\/laultimapalabra.com.mx\/portal\/wp-json\/wp\/v2\/posts\/8556\/revisions"}],"predecessor-version":[{"id":67569,"href":"https:\/\/laultimapalabra.com.mx\/portal\/wp-json\/wp\/v2\/posts\/8556\/revisions\/67569"}],"wp:featuredmedia":[{"embeddable":true,"href":"https:\/\/laultimapalabra.com.mx\/portal\/wp-json\/"}],"wp:attachment":[{"href":"https:\/\/laultimapalabra.com.mx\/portal\/wp-json\/wp\/v2\/media?parent=8556"}],"wp:term":[{"taxonomy":"category","embeddable":true,"href":"https:\/\/laultimapalabra.com.mx\/portal\/wp-json\/wp\/v2\/categories?post=8556"},{"taxonomy":"post_tag","embeddable":true,"href":"https:\/\/laultimapalabra.com.mx\/portal\/wp-json\/wp\/v2\/tags?post=8556"}],"curies":[{"name":"wp","href":"https:\/\/api.w.org\/{rel}","templated":true}]}}