                       {"id":8632,"date":"2019-06-20T21:28:25","date_gmt":"2019-06-21T02:28:25","guid":{"rendered":"http:\/\/laultimapalabra.info\/?p=8632"},"modified":"2024-12-11T08:55:55","modified_gmt":"2024-12-11T14:55:55","slug":"usted-tiene-la-ultima-palabra-68","status":"publish","type":"post","link":"https:\/\/laultimapalabra.com.mx\/portal\/usted-tiene-la-ultima-palabra-68\/","title":{"rendered":"Usted tiene&#8230; La \u00daltima Palabra"},"content":{"rendered":"<p style=\"text-align: justify;\"><strong><img loading=\"lazy\" decoding=\"async\" class=\"size-medium wp-image-390 alignleft\" src=\"https:\/\/laultimapalabra.com.mx\/portal\/wp-content\/uploads\/2018\/02\/28169846_1705449459476714_78449556_o-203x300.jpg\" alt=\"\" width=\"203\" height=\"300\" \/>\u201cReseteada\u201d<\/strong><\/p>\n<p style=\"text-align: justify;\">Por: Ing. Jes\u00fas Herrera R\u00e1bago<\/p>\n<p style=\"text-align: justify;\">Dice la sabidur\u00eda popular que \u201cla esperanza muere al \u00faltimo\u201d, desgraciadamente para Jos\u00e9 Narro, aspirante a la dirigencia nacional del PRI, muri\u00f3 antes y en esta semana decidi\u00f3 no s\u00f3lo no participar en la contienda por la presidencia de su partido, sino tambi\u00e9n renunciar a sus 46 a\u00f1os de militancia.<br \/>\nQuiz\u00e1 pes\u00f3 m\u00e1s el refr\u00e1n que dice: \u201cGenio y figura, hasta la sepultura\u201d, pues el Partido Revolucionario Institucional, a pesar de tantas promesas de cambiar, sigue manifestando las mismas pr\u00e1cticas y posturas.<br \/>\nEn un video explica sus argumentos: \u201cExiste un preferido de la c\u00fapula del PRI, el candidato oficial de los gobernadores y de quien fue, hasta recientemente, el jefe pol\u00edtico del partido\u201d. Sinceramente no descubri\u00f3 el hilo negro, ni mucho menos es una nueva pr\u00e1ctica, y no creo que en 46 a\u00f1os no se haya podido percatar que as\u00ed es la idiosincrasia del partido tricolor.<br \/>\nObviamente que no deja de ser un golpe fuerte para este partido, pues Jos\u00e9 Narro no es como el com\u00fan de los pol\u00edticos, en primer lugar se distingue como un acad\u00e9mico sobresaliente, adem\u00e1s de su estudios de posgrado en Inglaterra, ha recibido 10 doctorados Honoris Causa, de los cuales la mitad son de universidades extranjeras como La Universidad de Birmingham, Reino Unido; la universidad de Santiago de Chile; la de Salamanca y la Universidad de la Habana.<br \/>\nFue rector de la m\u00e1xima casa de estudios de nuestro pa\u00eds, la UNAM, donde tuvo un buen desempe\u00f1o sin grandes sobresaltos en su rectorado. Pe\u00f1a Nieto lo nombr\u00f3 Secretario de Salud donde tambi\u00e9n realiz\u00f3 buen trabajo poniendo su sello al consolidar avances epidemiol\u00f3gicos importantes.<br \/>\nSin embargo, lo m\u00e1s importante es que no es un tipo que este metido en esc\u00e1ndalos, sobre todo de corrupci\u00f3n. Su trayectoria, en general es limpia, adem\u00e1s de presentarse como un tipo pensante. Desgraciadamente, eso no cont\u00f3 y volvieron a las mismas pr\u00e1cticas de imposici\u00f3n, de negociaciones entre los gobernadores de acuerdo a sus conveniencias.<br \/>\nComo solemos decir: \u201cno les cay\u00f3 el veinte\u201d despu\u00e9s de la vapuleada en las pasadas elecciones, no se han dado cuenta que necesitan hacer cosas diferentes, o usando el lenguaje inform\u00e1tico, requieren una buena \u201creseteada\u201d.<br \/>\nM\u00e1s triste resulta para los priistas no haber aprendido despu\u00e9s de tener una segunda oportunidad en el 2012, cuando volvieron a ganar la Presidencia; pareciera que creen que eso volver\u00e1 a suceder, cosa que no creo sea tan f\u00e1cil.<br \/>\nAs\u00ed las cosas, me parece existe el riesgo que la oposici\u00f3n se diluya pues no saben qu\u00e9 hacer, ni c\u00f3mo comportarse como una oposici\u00f3n inteligente: que ni se rinda a los pies del Presidente, pero tampoco se comporte como ni\u00f1os berrinchudos. La esperanza es que faltan varios a\u00f1os y esperemos rectifiquen el rumbo.<br \/>\nEsta es mi opini\u00f3n, usted tiene La \u00daltima Palabra.<\/p>\n","protected":false},"excerpt":{"rendered":"<p>\u201cReseteada\u201d Por: Ing. Jes\u00fas Herrera R\u00e1bago Dice la sabidur\u00eda popular que \u201cla esperanza muere al \u00faltimo\u201d, desgraciadamente para Jos\u00e9 Narro, aspirante a la dirigencia nacional del PRI, muri\u00f3 antes y en esta semana decidi\u00f3 no s\u00f3lo no participar en la contienda por la presidencia de su partido, sino tambi\u00e9n renunciar a sus 46 a\u00f1os de [&hellip;]<\/p>\n","protected":false},"author":9,"featured_media":390,"comment_status":"open","ping_status":"closed","sticky":false,"template":"","format":"standard","meta":{"footnotes":""},"categories":[1],"tags":[1278],"class_list":["post-8632","post","type-post","status-publish","format-standard","has-post-thumbnail","hentry","category-noticias","tag-ing-jesus-herrera-rabago"],"_links":{"self":[{"href":"https:\/\/laultimapalabra.com.mx\/portal\/wp-json\/wp\/v2\/posts\/8632","targetHints":{"allow":["GET"]}}],"collection":[{"href":"https:\/\/laultimapalabra.com.mx\/portal\/wp-json\/wp\/v2\/posts"}],"about":[{"href":"https:\/\/laultimapalabra.com.mx\/portal\/wp-json\/wp\/v2\/types\/post"}],"author":[{"embeddable":true,"href":"https:\/\/laultimapalabra.com.mx\/portal\/wp-json\/wp\/v2\/users\/9"}],"replies":[{"embeddable":true,"href":"https:\/\/laultimapalabra.com.mx\/portal\/wp-json\/wp\/v2\/comments?post=8632"}],"version-history":[{"count":1,"href":"https:\/\/laultimapalabra.com.mx\/portal\/wp-json\/wp\/v2\/posts\/8632\/revisions"}],"predecessor-version":[{"id":67609,"href":"https:\/\/laultimapalabra.com.mx\/portal\/wp-json\/wp\/v2\/posts\/8632\/revisions\/67609"}],"wp:featuredmedia":[{"embeddable":true,"href":"https:\/\/laultimapalabra.com.mx\/portal\/wp-json\/"}],"wp:attachment":[{"href":"https:\/\/laultimapalabra.com.mx\/portal\/wp-json\/wp\/v2\/media?parent=8632"}],"wp:term":[{"taxonomy":"category","embeddable":true,"href":"https:\/\/laultimapalabra.com.mx\/portal\/wp-json\/wp\/v2\/categories?post=8632"},{"taxonomy":"post_tag","embeddable":true,"href":"https:\/\/laultimapalabra.com.mx\/portal\/wp-json\/wp\/v2\/tags?post=8632"}],"curies":[{"name":"wp","href":"https:\/\/api.w.org\/{rel}","templated":true}]}}