                       {"id":869,"date":"2018-03-16T03:04:31","date_gmt":"2018-03-16T03:04:31","guid":{"rendered":"http:\/\/laultimapalabra.info\/?p=869"},"modified":"2024-12-11T08:37:04","modified_gmt":"2024-12-11T14:37:04","slug":"el-quemador-7","status":"publish","type":"post","link":"https:\/\/laultimapalabra.com.mx\/portal\/el-quemador-7\/","title":{"rendered":"El Quemador"},"content":{"rendered":"<p style=\"text-align: justify;\"><img loading=\"lazy\" decoding=\"async\" class=\"size-medium wp-image-159 alignleft\" src=\"https:\/\/laultimapalabra.com.mx\/portal\/wp-content\/uploads\/2018\/02\/Banner-Caliente-copia-300x171.jpg\" alt=\"\" width=\"300\" height=\"171\" \/>Por: El Repre<\/p>\n<p style=\"text-align: justify;\">11-18<br \/>\nIniciamos esta columneja muy pero muy felices por las celebraciones que reci\u00e9n tuvimos y que vamos a tener todos los petroleros de la gloriosa y honorable Secci\u00f3n 49\u2026y es que el pasado domingo 11 de marzo como ya todos lo sabemos se celebraron 29 a\u00f1os de la fundaci\u00f3n de nuestra querida Secci\u00f3n, la 49 de Cadereyta\u2026y pasado ma\u00f1ana pues nomas se celebraran los primeros 80 a\u00f1os de la Expropiaci\u00f3n Petrolera\u2026felicidades a todos los compitas petroleros de la 49!!<br \/>\nFESTEJO PRIVADO<br \/>\nPor cierto que nos escriben en tono muy molesto dici\u00e9ndonos que no estuvo nada bien lo que hicieron algunos comisionados sindicales\u2026y es que la Presi Gayt\u00e1n y el Pill\u00edn Lumbreras, que se empe\u00f1an en adue\u00f1arse de la Secci\u00f3n, organizaron un evento privado para celebrar el 29 aniversario de fundaci\u00f3n de la Secci\u00f3n\u2026s\u00edganle!!<br \/>\nPIOJOS<br \/>\nDicen que la decisi\u00f3n de hacer el festejo en cuadro chico fue porque los muy mamilones de la Gaytana y Lumbreras no se quer\u00edan empiojar invitando a la plebe, o sea a la raza petrolera\u2026y es que el festejo se realiz\u00f3 en un terreno en la Nueva Cadereyta solo estuvieron algunos comisionados sindicales y uno que otro Repre departamental\u2026una vez m\u00e1s haciendo menos a la raza y ellos d\u00e1ndose el gran fest\u00edn\u2026que poca abuela!!<br \/>\nMARCHA<br \/>\nPasando a mejores cosas, les contamos que pasado ma\u00f1ana domingo 18 de marzo habr\u00e1 una marcha, pero no de protesta si no para celebrar el 80 aniversario de la Expropiaci\u00f3n Petrolera\u2026seg\u00fan el programa iniciara a las 8 am en la plaza principal y terminara en la plaza Tampiquito\u2026s\u00edganle!!<br \/>\nCARROS<br \/>\nY para todos los preguntones, pues nos aseguran que de nueva cuenta se rifaran 2 carros despu\u00e9s de que se lleve a cabo la ceremonia y que se hagan las guardias de honor\u2026pero ojo raza porque dice la Presi Gayt\u00e1n que el que no marche con mayas y listones rosas no tendr\u00e1 derecho de participar en la rifa de los carros\u2026que canina es la Presi la verdad!!<br \/>\nBARRERA<br \/>\nPor cierto que en este evento del 18 de marzo esperamos que se quede a cargo el buen Pepe Barrera, funcionario hecho y derecho que s\u00ed sabe hacer bien las cosas, no como otros\u2026y es que ya ven que cada que la Presi Gayt\u00e1n toma el micr\u00f3fono hace hasta lo que no con tal de llamar la atenci\u00f3n!!<br \/>\nGUERRA SUCIA<br \/>\nY ya que mencionamos al buen Barrera, les informamos que hay una campa\u00f1a en contra de \u00e9l y de otros funcionarios, pero no es m\u00e1s que la envidia de algunos\u2026y es que al buen Pepe Luis en los \u00faltimos d\u00edas se le ha visto achicopalado en cada evento al que asiste\u2026animo Barrera que as\u00ed es la guerra sucia!!<br \/>\nEL\u00c9CTRICOS<br \/>\nDel Taller El\u00e9ctrico nos escriben para platicarnos las ultimas andadas de sus representantes y comisionados sindicales\u2026se refieren claro al Cachito Ram\u00edrez y al Can Vega, porque de la Presi Gayt\u00e1n no quieren saber nada de nada\u2026lo que le espera a la Presi ahora que se le acabe su inmerecida comisi\u00f3n!!<br \/>\nCACHITO<br \/>\nPues hay tienen que el Cachito Ram\u00edrez sigue haciendo de las suyas y no se presenta a trabajar los fines de semana\u2026dice Cacho que mientras \u00e9l tenga por dentro al Jefe T\u00e9llez seguir\u00e1 faltando y que le har\u00e1n lo que el viento a Ju\u00e1rez\u2026adem\u00e1s el Cachito asegura que en las pr\u00f3ximas elecciones seguir\u00e1 como representante y que al que no le guste que se atenga a las consecuencias\u2026mendiga lacra!!<br \/>\nJAIRO EL LLORIC\u00d3N<br \/>\nDe Ventas nos cuentan que el que anda muy enmuinado es el lloric\u00f3n del Jairo (lloric\u00f3n porque es una mezcla de llor\u00f3n y maric\u00f3n) nom\u00e1s por la quemadita que le dimos la semana pasada descubriendo algunas de sus fechor\u00edas\u2026tambi\u00e9n nos dicen que Jairo el lloric\u00f3n jura y perjura que dar\u00e1 con \u00e9ste su Repre y nos partir\u00e1 la \u201cM\u201d\u2026como ven a la chiquilla esta!!<br \/>\nCOMISI\u00d3N<br \/>\nLo que m\u00e1s le doli\u00f3 al Lloric\u00f3n (llor\u00f3n y maric\u00f3n) del Jairo Yajairo fue que la quemadota le puede afectar para la comisi\u00f3n sindical que ya tiene amarrada en las pr\u00f3ximas elecciones\u2026y es que seg\u00fan la Jaira gente del Cuerpo de Gobierno sindical ya le aseguraron una cartera en la pr\u00f3xima planilla\u2026puede ser, ya que casi siempre se comisionan a unos 2 o 3 que hagan la funci\u00f3n de gatos\u2026y eso al Yajairo le va muy bien!!&#8230;<br \/>\nNIURKA<br \/>\nY ya para despedirnos, le pedimos a toda la racita que si alguien tiene el tel\u00e9fono de Niurka Marcos nos lo pase, me lleg\u00f3 un auido que no le entiendo nada por el lenguaje y quiero que Niurka \u00a1me lo traduzca!!!!&#8230;.Arrivederchi!!<\/p>\n","protected":false},"excerpt":{"rendered":"<p>Por: El Repre 11-18 Iniciamos esta columneja muy pero muy felices por las celebraciones que reci\u00e9n tuvimos y que vamos a tener todos los petroleros de la gloriosa y honorable Secci\u00f3n 49\u2026y es que el pasado domingo 11 de marzo como ya todos lo sabemos se celebraron 29 a\u00f1os de la fundaci\u00f3n de nuestra querida [&hellip;]<\/p>\n","protected":false},"author":9,"featured_media":159,"comment_status":"open","ping_status":"closed","sticky":false,"template":"","format":"standard","meta":{"footnotes":""},"categories":[1],"tags":[942,944],"class_list":["post-869","post","type-post","status-publish","format-standard","has-post-thumbnail","hentry","category-noticias","tag-el-quemador","tag-el-repre-el-quemador"],"_links":{"self":[{"href":"https:\/\/laultimapalabra.com.mx\/portal\/wp-json\/wp\/v2\/posts\/869","targetHints":{"allow":["GET"]}}],"collection":[{"href":"https:\/\/laultimapalabra.com.mx\/portal\/wp-json\/wp\/v2\/posts"}],"about":[{"href":"https:\/\/laultimapalabra.com.mx\/portal\/wp-json\/wp\/v2\/types\/post"}],"author":[{"embeddable":true,"href":"https:\/\/laultimapalabra.com.mx\/portal\/wp-json\/wp\/v2\/users\/9"}],"replies":[{"embeddable":true,"href":"https:\/\/laultimapalabra.com.mx\/portal\/wp-json\/wp\/v2\/comments?post=869"}],"version-history":[{"count":1,"href":"https:\/\/laultimapalabra.com.mx\/portal\/wp-json\/wp\/v2\/posts\/869\/revisions"}],"predecessor-version":[{"id":63491,"href":"https:\/\/laultimapalabra.com.mx\/portal\/wp-json\/wp\/v2\/posts\/869\/revisions\/63491"}],"wp:featuredmedia":[{"embeddable":true,"href":"https:\/\/laultimapalabra.com.mx\/portal\/wp-json\/"}],"wp:attachment":[{"href":"https:\/\/laultimapalabra.com.mx\/portal\/wp-json\/wp\/v2\/media?parent=869"}],"wp:term":[{"taxonomy":"category","embeddable":true,"href":"https:\/\/laultimapalabra.com.mx\/portal\/wp-json\/wp\/v2\/categories?post=869"},{"taxonomy":"post_tag","embeddable":true,"href":"https:\/\/laultimapalabra.com.mx\/portal\/wp-json\/wp\/v2\/tags?post=869"}],"curies":[{"name":"wp","href":"https:\/\/api.w.org\/{rel}","templated":true}]}}