                       {"id":872,"date":"2018-03-16T03:07:08","date_gmt":"2018-03-16T03:07:08","guid":{"rendered":"http:\/\/laultimapalabra.info\/?p=872"},"modified":"2024-12-11T08:37:04","modified_gmt":"2024-12-11T14:37:04","slug":"la-guarida-del-mapache-7","status":"publish","type":"post","link":"https:\/\/laultimapalabra.com.mx\/portal\/la-guarida-del-mapache-7\/","title":{"rendered":"La Guarida del Mapache"},"content":{"rendered":"<p style=\"text-align: justify;\"><img loading=\"lazy\" decoding=\"async\" class=\"size-medium wp-image-155 alignleft\" src=\"https:\/\/laultimapalabra.com.mx\/portal\/wp-content\/uploads\/2018\/02\/mapache-300x282.jpeg\" alt=\"\" width=\"300\" height=\"282\" \/>ALACRAN<br \/>\nUn alacr\u00e1n deseaba atravesar el r\u00edo y le dijo a una Rana\u2026\u2019Ll\u00e9vame en tu espalda\u2019<br \/>\nNI PENSARLO<br \/>\nLa Rana le respondi\u00f3\u2026 \u00a1Ni pensarlo! \u00a1Si lo hago, a mitad del R\u00edo me picar\u00e1s y matar\u00e1s!<br \/>\nEST\u00daPIDA<br \/>\nEl Alacr\u00e1n le replica: \u2018C\u00f3mo eres est\u00fapida Rana, si te pico a mitad del r\u00edo, moriremos los dos!<br \/>\nTRAVES\u00cdA<br \/>\nLa Rana lo pens\u00f3 un poco y finalmente lo subi\u00f3 a su espalda y empezaron la traves\u00eda\u2026<br \/>\nVENENO<br \/>\nEl Alacr\u00e1n de pronto pic\u00f3 a la Rana y \u00e9sta sinti\u00f3 el veneno mortal\u2026se volte\u00f3 a ver al asesino y le dijo:<br \/>\nPORQUE?<br \/>\n\u00bfPorqu\u00e9 has hecho eso, si moriremos los dos?&#8230; el Alacr\u00e1n levant\u00f3 los hombros y le dijo antes de ahogarse\u2026<br \/>\nNATURALEZA<br \/>\n\u2018Perd\u00f3name Rana, pero no puedo evitarlo, no puedo ir en contra de mi propia naturaleza\u2019\u2026<br \/>\nHUMANOS<br \/>\nAs\u00ed es. Los seres humanos no podemos ir en contra de nuestra propia naturaleza.<br \/>\nBIGOT\u00d3N<br \/>\nEl Bigot\u00f3n Quintanilla lo demuestra fehacientemente\u2026 en su registro ante la CEE\u2026<br \/>\nFUERZA VERDE<br \/>\nEn lugar de convocar a la fuerza verde que lo llev\u00f3 a encabezar la Candidatura de ese instituto Pol\u00edtico\u2026<br \/>\nSECTORES TRICOLORES<br \/>\nConvoca\u2026 \u00a1A los sectores del Tricolor! \u00bfC\u00f3mo para qu\u00e9? Dir\u00eda Pascal Beltr\u00e1n\u2026<br \/>\nCORAZONCITO<br \/>\nQu\u00e9 es lo que desea demostrar el Candiverde? \u00bfQue su corazoncito sigue latiendo por el tricolor?<br \/>\nCOBIJARLO<br \/>\nRepresentantes de la Ceteme, de la Ceneop, y Croquistas adem\u00e1s de petroleros, estuvieron a \u2018cobijarlo\u2019 en su registro ante la CEE\u2026<br \/>\nCARGADA<br \/>\nIgual que en los viejos tiempos del Tricolor, la cargada fue notable\u2026 pero \u00a1notablemente Tricolor!\u2026<br \/>\nAL CUATE<br \/>\nAh\u00ed al que cobijaron pos fue al propio Cuate que estaba \u2018entre cuates\u2019, \u00bfpero al Bigot\u00f3n?<br \/>\nDE NUEZ?<br \/>\nNo pos guau!&#8230; o sea que si gana la Alcald\u00eda el Bigot\u00f3n\u2026\u00bfel Tricolor vuelve a gobernar?<br \/>\n80 POR CIENTO<br \/>\nPorque a quienes vimos en el registro del Bigot\u00f3n en un 80 por ciento, son tricolores\u2026<br \/>\nCHIMOLTRUFIA<br \/>\nComo dice la Chimoltrufia, yo como digo una cosa, digo la otra\u2026<br \/>\nPERDER<br \/>\nEl Bigot\u00f3n Quintanilla es sin lugar a dudas \u2013hasta hoy- el n\u00famero uno en las encuestas\u2026 pero actitudes o conductas como \u00e9sta, lo pueden llevar al fracaso.<br \/>\nFORTALECI\u00d3<br \/>\nS\u00ed, porque ya los tiempos de hoy no son los de antes. Por qu\u00e9 cree Usted que se fortaleci\u00f3 antes el Bigot\u00f3n?<br \/>\nDESPINTADOS<br \/>\nPos por todos los tricolores que se despintaron el rojo y blanco y se fueron con \u00e9l cuando renunci\u00f3 al Tricolor\u2026<br \/>\nACUERDO<br \/>\nSer\u00eda interesante preguntarle a los despintados si est\u00e1n de acuerdo con que regresen los que los trataron tan mal?<br \/>\nSI NO QUIERE<br \/>\nDigo, si el Bigot\u00f3n Quintanilla no quiere que lo anden \u2018burroconfundiendo\u2019\u2026<br \/>\nPARAFERNALIAS<br \/>\nPos que por lo menos la disfrace y se quite de andar armando parafernalias tricolores\u2026 es consejito nom\u00e1s\u2026<br \/>\nADEPTOS<br \/>\nDicen que el que pega primero pega dos veces, \u00e9l ya se registr\u00f3 en el CEE, y tal vez eso le haga ganar adeptos.<br \/>\nCOBRE<br \/>\nTotal que los candidatos muestran el cobre y es la oportunidad de que otras candidaturas se fortalezcan.<br \/>\nDESPEJADO<br \/>\nAs\u00ed lo vemos porque para Tenchis Garc\u00eda, el camino se pone m\u00e1s despejado y sin m\u00e1s obst\u00e1culos.<br \/>\nALFIL<br \/>\nY m\u00e1s ahora que ya se public\u00f3 su Planilla donde Eliudcito Garza es su Alfil en el equipo que est\u00e1 proponiendo.<br \/>\nCONJUGADO<br \/>\nExperiencia y juventud se han conjugado para la nueva propuesta pol\u00edtica de la \u2018Angela Merkel\u2019 de Cadis.<br \/>\nBRINCOTES<br \/>\nPor cierto\u2026 brincos diera el tricolor porque Tenchis Garc\u00eda fuera su candidota.<br \/>\nFILAS<br \/>\nYa hasta inventaron que sigue activa en sus filas. C\u00f3mo? si ni un centavo de cuotas pag\u00f3 nunca. BAJA<br \/>\nYa no se hagan tontejos y mejor digan que caus\u00f3 baja como se la aplican a otros cuando no los quieren dentro.<br \/>\nBORRADA<br \/>\nY si no, pos que Tenchis les mande una cartita diciendo que la borren de la lista y se fini\u2026<br \/>\nESPACIOS<br \/>\nNo cabe duda de que el Gordisem\u00e1foro mete m\u00e1s que las cuatro para ganar espacios.<br \/>\nDESMIENTE<br \/>\nMientras el Diput\u00e9ibol Gordisem\u00e1foro pide licencia para contender por Morena, el mismo Partido lo desmiente.<br \/>\nNANAY<br \/>\n\u2018Nada para nadie todav\u00eda\u2019 dice el repre estatal de los Morenos, dejando muy mal parado al Gordisem\u00e1foro.<br \/>\n$$EGURIDAD<br \/>\nQu\u00e9 le da la seguridad de que \u00e9l ser\u00e1 el Candidote de los Morenos? Que le da e$$a $$eguridad?<br \/>\nLOCALES<br \/>\nNo lo sabemos pero lo averiguaremos. Por lo pronto los Morenos locales ya respingaron y se nece$itar\u00e1 algo m\u00e1s que buena voluntad para calmar las aguas.<br \/>\nBUEN FINDE<br \/>\nY yo por lo pronto me dispongo a disfrutar un finde con calorcito, la Mapacha y mis caguamas\u2026 la vemos.<\/p>\n","protected":false},"excerpt":{"rendered":"<p>ALACRAN Un alacr\u00e1n deseaba atravesar el r\u00edo y le dijo a una Rana\u2026\u2019Ll\u00e9vame en tu espalda\u2019 NI PENSARLO La Rana le respondi\u00f3\u2026 \u00a1Ni pensarlo! \u00a1Si lo hago, a mitad del R\u00edo me picar\u00e1s y matar\u00e1s! EST\u00daPIDA El Alacr\u00e1n le replica: \u2018C\u00f3mo eres est\u00fapida Rana, si te pico a mitad del r\u00edo, moriremos los dos! TRAVES\u00cdA [&hellip;]<\/p>\n","protected":false},"author":9,"featured_media":155,"comment_status":"open","ping_status":"closed","sticky":false,"template":"","format":"standard","meta":{"footnotes":""},"categories":[1],"tags":[1382],"class_list":["post-872","post","type-post","status-publish","format-standard","has-post-thumbnail","hentry","category-noticias","tag-la-guarida-del-mapache"],"_links":{"self":[{"href":"https:\/\/laultimapalabra.com.mx\/portal\/wp-json\/wp\/v2\/posts\/872","targetHints":{"allow":["GET"]}}],"collection":[{"href":"https:\/\/laultimapalabra.com.mx\/portal\/wp-json\/wp\/v2\/posts"}],"about":[{"href":"https:\/\/laultimapalabra.com.mx\/portal\/wp-json\/wp\/v2\/types\/post"}],"author":[{"embeddable":true,"href":"https:\/\/laultimapalabra.com.mx\/portal\/wp-json\/wp\/v2\/users\/9"}],"replies":[{"embeddable":true,"href":"https:\/\/laultimapalabra.com.mx\/portal\/wp-json\/wp\/v2\/comments?post=872"}],"version-history":[{"count":1,"href":"https:\/\/laultimapalabra.com.mx\/portal\/wp-json\/wp\/v2\/posts\/872\/revisions"}],"predecessor-version":[{"id":63493,"href":"https:\/\/laultimapalabra.com.mx\/portal\/wp-json\/wp\/v2\/posts\/872\/revisions\/63493"}],"wp:featuredmedia":[{"embeddable":true,"href":"https:\/\/laultimapalabra.com.mx\/portal\/wp-json\/"}],"wp:attachment":[{"href":"https:\/\/laultimapalabra.com.mx\/portal\/wp-json\/wp\/v2\/media?parent=872"}],"wp:term":[{"taxonomy":"category","embeddable":true,"href":"https:\/\/laultimapalabra.com.mx\/portal\/wp-json\/wp\/v2\/categories?post=872"},{"taxonomy":"post_tag","embeddable":true,"href":"https:\/\/laultimapalabra.com.mx\/portal\/wp-json\/wp\/v2\/tags?post=872"}],"curies":[{"name":"wp","href":"https:\/\/api.w.org\/{rel}","templated":true}]}}