                       {"id":8735,"date":"2019-06-27T18:07:52","date_gmt":"2019-06-27T23:07:52","guid":{"rendered":"http:\/\/laultimapalabra.info\/?p=8735"},"modified":"2024-12-11T08:55:56","modified_gmt":"2024-12-11T14:55:56","slug":"hallan-a-muerto-dentro-de-jetta","status":"publish","type":"post","link":"https:\/\/laultimapalabra.com.mx\/portal\/hallan-a-muerto-dentro-de-jetta\/","title":{"rendered":"Hallan a muerto dentro de Jetta"},"content":{"rendered":"<p style=\"text-align: justify;\"><img loading=\"lazy\" decoding=\"async\" class=\"size-medium wp-image-8736 alignleft\" src=\"https:\/\/laultimapalabra.com.mx\/portal\/wp-content\/uploads\/2019\/06\/fb04d3e9-8790-4e81-8f44-76eebff3f08e-300x215.jpg\" alt=\"\" width=\"300\" height=\"215\" \/>CADEREYTA JIM\u00c9NEZ, N.L.-<\/p>\n<p style=\"text-align: justify;\">Con varias heridas de bala en su cuerpo, algunas en su cabeza, fue hallado un desconocido en la carretera que va de San Juan a Valle Hidalgo en esta ciudad.<\/p>\n<p style=\"text-align: justify;\">Fue alrededor de las 10:30 de la noche del domingo, cuando un auto Jetta gris fue hallado en el kil\u00f3metro 17 de dicha r\u00faa.<\/p>\n<p style=\"text-align: justify;\">Al acercarse quienes hicieron el hallazgo, descubrieron que del lado del copiloto se encontraba una persona ensangrentada con varios impactos en el pecho y en la cabeza.<\/p>\n<p style=\"text-align: justify;\">El cuerpo de un hombre de aproximadamente unos 28 a\u00f1os de edad, vest\u00eda pantal\u00f3n beige y una camiseta blanca y no fue establecida su identidad.<\/p>\n<p style=\"text-align: justify;\">Al lugar arribaron polic\u00edas y param\u00e9dicos, quienes al revisar el cuerpo comprobaron que este ya se encontraba sin vida, por lo que fue llamada a la agencia del Ministerio P\u00fablico en turno y a servicios de Criminal\u00edstica<\/p>\n<p style=\"text-align: justify;\">La polic\u00eda investiga si la ejecuci\u00f3n tiene relaci\u00f3n con el cuerpo de una persona ejecutada que fue encontrado en Salinas Victoria, pero era residente de Soledad Herreras.<\/p>\n<p style=\"text-align: justify;\">\n<p style=\"text-align: justify;\">\n","protected":false},"excerpt":{"rendered":"<p>CADEREYTA JIM\u00c9NEZ, N.L.- Con varias heridas de bala en su cuerpo, algunas en su cabeza, fue hallado un desconocido en la carretera que va de San Juan a Valle Hidalgo en esta ciudad. Fue alrededor de las 10:30 de la noche del domingo, cuando un auto Jetta gris fue hallado en el kil\u00f3metro 17 de [&hellip;]<\/p>\n","protected":false},"author":9,"featured_media":8737,"comment_status":"open","ping_status":"closed","sticky":false,"template":"","format":"standard","meta":{"footnotes":""},"categories":[17,8,9],"tags":[926],"class_list":["post-8735","post","type-post","status-publish","format-standard","has-post-thumbnail","hentry","category-locales-cadereyta","category-seguridad","category-seguridad-cadereyta","tag-ejecutados-cadereyta"],"_links":{"self":[{"href":"https:\/\/laultimapalabra.com.mx\/portal\/wp-json\/wp\/v2\/posts\/8735","targetHints":{"allow":["GET"]}}],"collection":[{"href":"https:\/\/laultimapalabra.com.mx\/portal\/wp-json\/wp\/v2\/posts"}],"about":[{"href":"https:\/\/laultimapalabra.com.mx\/portal\/wp-json\/wp\/v2\/types\/post"}],"author":[{"embeddable":true,"href":"https:\/\/laultimapalabra.com.mx\/portal\/wp-json\/wp\/v2\/users\/9"}],"replies":[{"embeddable":true,"href":"https:\/\/laultimapalabra.com.mx\/portal\/wp-json\/wp\/v2\/comments?post=8735"}],"version-history":[{"count":1,"href":"https:\/\/laultimapalabra.com.mx\/portal\/wp-json\/wp\/v2\/posts\/8735\/revisions"}],"predecessor-version":[{"id":67655,"href":"https:\/\/laultimapalabra.com.mx\/portal\/wp-json\/wp\/v2\/posts\/8735\/revisions\/67655"}],"wp:featuredmedia":[{"embeddable":true,"href":"https:\/\/laultimapalabra.com.mx\/portal\/wp-json\/"}],"wp:attachment":[{"href":"https:\/\/laultimapalabra.com.mx\/portal\/wp-json\/wp\/v2\/media?parent=8735"}],"wp:term":[{"taxonomy":"category","embeddable":true,"href":"https:\/\/laultimapalabra.com.mx\/portal\/wp-json\/wp\/v2\/categories?post=8735"},{"taxonomy":"post_tag","embeddable":true,"href":"https:\/\/laultimapalabra.com.mx\/portal\/wp-json\/wp\/v2\/tags?post=8735"}],"curies":[{"name":"wp","href":"https:\/\/api.w.org\/{rel}","templated":true}]}}