                       {"id":8756,"date":"2019-06-27T20:33:34","date_gmt":"2019-06-28T01:33:34","guid":{"rendered":"http:\/\/laultimapalabra.info\/?p=8756"},"modified":"2024-12-11T08:55:56","modified_gmt":"2024-12-11T14:55:56","slug":"la-guarida-del-mapache-68","status":"publish","type":"post","link":"https:\/\/laultimapalabra.com.mx\/portal\/la-guarida-del-mapache-68\/","title":{"rendered":"La Guarida del Mapache"},"content":{"rendered":"<p><img loading=\"lazy\" decoding=\"async\" class=\"size-medium wp-image-155 alignleft\" src=\"https:\/\/laultimapalabra.com.mx\/portal\/wp-content\/uploads\/2018\/02\/mapache-300x282.jpeg\" alt=\"\" width=\"300\" height=\"282\" \/>Por: El Mapache<\/p>\n<p style=\"text-align: justify;\">Pues aqu\u00ed vamos empezando raza, esperando que se encuentren a toda m\u00e1user en estos d\u00edas que ya hasta las fiestas de San Juan Bautista se nos acabaron, donde por cierto este a\u00f1o no escuch\u00e9 que la raza se quejara de los precios de la comida jejeje o los bajaron compis o de plano pues la raza ya se acostumbr\u00f3 jejeje pero bueno como estamos empezando el weekend pues lo mejor es darle agilidad a este asunto raza, comencemos.<br \/>\nALZADO<br \/>\nY pues bueno ya saben raza que aqu\u00ed en su columneja preferida pues la neta es que los que salen les suben los bonos jejeje y no s\u00f3lo cuando hablamos bien de ellos, sino hasta cuando les sacamos sus trapitos al sol, as\u00ed como al \u201crugi Edgarin\u201d, jejeje que anduvo todo el fin de semana pasado bien prendido presumiendo que hab\u00eda salido con nosotros jejeje, lo que no dijo es su face (que es donde m\u00e1s activo esta), fue que sali\u00f3 en este privilegiado espacio porque es el porrista oficial (mmlo) del buen \u201cBigotes\u201d Quintanilla jejeeje, eso si no lo dijo compis.<br \/>\nPAGADOR<br \/>\nLo que qued\u00f3 claro es que se sorprendi\u00f3 de que haya salido en el newspaper sin pagar jejeje lo que nos dice raza de que si tiene esa costumbre de pagar para \u201csalir\u201d compis l\u00e1stima jejeje.<br \/>\nIMPORTANTE<br \/>\nY pues bueno, que no se crea tan importante jejeje porque la neta es que lo que debe hacer es ponerse a chambear que buena falta le hace al condenado, porque la neta si algo requiere nuestra querida Cadiz pues es que sus gobernantes se pongan las pilas para sacarla adelante.<br \/>\nCHAMBEADOR<br \/>\nY el que anda de un lado a otro durante las \u00faltimas dos semanas ha sido el Fer \u201cMagullones\u201d que al parecer se acord\u00f3 de que su jale hablar\u00e1 por el PRI en Cadiz y ya se puso las pilas compis, desde poner una oficina aparte de la suya en el Palace para gestor\u00eda social, est\u00e1 realizando brigadas con buenos servicios, ojala le resulte el tiro y la imagen del partido mejore un poquito entre la raza.<br \/>\nINSEGURIDAD<br \/>\nY ya en otro tema no tan de cotorreo como el anterior compis, pues tenemos que esta semanuca estuvo criminal con aquello de los asaltos a los negocios y bancos del muni, una verdadera l\u00e1stima que nuestra gente tenga que estar padeciendo estos sustos compis; pero bueno, esperemos que el \u201cGama1000\u201d ya traiga por ah\u00ed alguna idea de c\u00f3mo bajar el \u00edndice en la frecuencia de estos delitos, porque pues as\u00ed la raza ya no va a poder estar tranquila ni en sus negocios.<br \/>\nAVIADORES<br \/>\nY pues aunque en toooodas las administraciones raza siempre han estado presente los \u201cchiflados\u201d que cobran sin jalar jejeje pues en esta no iba a ser la excepci\u00f3n, por ello es que esta semanuca han traido al \u201cBigotes\u201d Quintanilla a \u201cremolque\u201d con qu\u00e9 tanto que presume rectitud y buenos manejos para que ya se ande rumorando esto jejeje no, si les digo que aqu\u00ed el m\u00e1s chimuelo masca clavos raza y a ver en qu\u00e9 queda todo el embrollo.<br \/>\nBACHES<br \/>\nPor lo pronto el \u201cBigotes\u201d Quintanilla sigue tapando baches, apoyando al deporte, a los estudiantes y pues al parecer buscando recursos que mucho se ocupan en nuestra C\u00e1diz querida, pero eso si raza, de que no tiene buena imagen pues no la tiene<br \/>\nCONGRATULATIONS<br \/>\nAl que tambi\u00e9n debemos mandarle una felicitaci\u00f3n es ni m\u00e1s ni menos que al Aletz Barrilito jejeje ya que le fue aprobado un proyecto de Zumba en las colonias, as\u00ed que a como le encanta su t\u00e9cnica pues estamos seguros que ser\u00e1 un exitazo.<br \/>\nPLEITO<br \/>\nY pues por si no se acuerdan compis de que el profe \u201cAlvariux\u201d Ayala tra\u00eda demandado al muni despu\u00e9s de que Ruben \u201cMeencharcas\u201d intentara inhabilitarlo tras despedirlo jejeje pues d\u00e9jenme les cotorreo que al profe lo favoreci\u00f3 la suerte y dicho pleito se lo gan\u00f3 de calle al \u201cMeencharcas\u201d, eso s\u00ed, despu\u00e9s de demostrar que el ex contralor hab\u00eda falsificado reportes y dem\u00e1s documentos de una denuncia realizada en Contralor\u00eda Municipal, la cual buscaba inhabilitar al profesuco.<br \/>\nTORTILLA<br \/>\nAhora con el fallo a favor compis, pues la tortilla se le ha volteado al \u201cMeencharcas\u201d jejeje porque a como es el profe \u201cAlvariux\u201d Ayala, pues no se le va a olvidar la ofensa jejeje y de seguro buscar\u00e1 que a \u201cMeencharcas\u201d SI LO INHABILITEN por m\u00ednimo veinte a\u00f1itos raza, aparte de alguna demanda penal que sabr\u00e1 dios en qu\u00e9 vaya a terminar jejeje asi que debemos estar muy al pendiente de esta historieta, donde \u201cMeencharcas\u201d lleva toooodas las de perder, eso si las cosas se hacen conforme a la Ley raza, porque si se hacen como con lo de \u201cDe$pre$iado\u201d jejeje el que pueda terminar en el tambo ser\u00eda el profe \u201cAlvariux\u201d jejeje.<br \/>\nFESTEJOS<br \/>\nY pues bueno raza antes de irme le mandamos saludos y felicitaciones a todos los Juanes que haya en nuestro hermosa Cadereyta, porque ya saben que estuvieron de manteles largos el pasado lunes compis, esperamos que se la hayan pasado a todo dar en compa\u00f1\u00eda de su family,. En especial a Juany de Prensa2 y al hombre m\u00e1s buscado de la administration jejeje Juan Bautista \u201cEl Tesoritos\u201d jejeje\u2026.la vemos.<\/p>\n","protected":false},"excerpt":{"rendered":"<p>Por: El Mapache Pues aqu\u00ed vamos empezando raza, esperando que se encuentren a toda m\u00e1user en estos d\u00edas que ya hasta las fiestas de San Juan Bautista se nos acabaron, donde por cierto este a\u00f1o no escuch\u00e9 que la raza se quejara de los precios de la comida jejeje o los bajaron compis o de [&hellip;]<\/p>\n","protected":false},"author":9,"featured_media":155,"comment_status":"open","ping_status":"closed","sticky":false,"template":"","format":"standard","meta":{"footnotes":""},"categories":[1],"tags":[940],"class_list":["post-8756","post","type-post","status-publish","format-standard","has-post-thumbnail","hentry","category-noticias","tag-el-mapache-la-guarida-del-mapache"],"_links":{"self":[{"href":"https:\/\/laultimapalabra.com.mx\/portal\/wp-json\/wp\/v2\/posts\/8756","targetHints":{"allow":["GET"]}}],"collection":[{"href":"https:\/\/laultimapalabra.com.mx\/portal\/wp-json\/wp\/v2\/posts"}],"about":[{"href":"https:\/\/laultimapalabra.com.mx\/portal\/wp-json\/wp\/v2\/types\/post"}],"author":[{"embeddable":true,"href":"https:\/\/laultimapalabra.com.mx\/portal\/wp-json\/wp\/v2\/users\/9"}],"replies":[{"embeddable":true,"href":"https:\/\/laultimapalabra.com.mx\/portal\/wp-json\/wp\/v2\/comments?post=8756"}],"version-history":[{"count":1,"href":"https:\/\/laultimapalabra.com.mx\/portal\/wp-json\/wp\/v2\/posts\/8756\/revisions"}],"predecessor-version":[{"id":67669,"href":"https:\/\/laultimapalabra.com.mx\/portal\/wp-json\/wp\/v2\/posts\/8756\/revisions\/67669"}],"wp:featuredmedia":[{"embeddable":true,"href":"https:\/\/laultimapalabra.com.mx\/portal\/wp-json\/"}],"wp:attachment":[{"href":"https:\/\/laultimapalabra.com.mx\/portal\/wp-json\/wp\/v2\/media?parent=8756"}],"wp:term":[{"taxonomy":"category","embeddable":true,"href":"https:\/\/laultimapalabra.com.mx\/portal\/wp-json\/wp\/v2\/categories?post=8756"},{"taxonomy":"post_tag","embeddable":true,"href":"https:\/\/laultimapalabra.com.mx\/portal\/wp-json\/wp\/v2\/tags?post=8756"}],"curies":[{"name":"wp","href":"https:\/\/api.w.org\/{rel}","templated":true}]}}