                       {"id":878,"date":"2018-03-16T03:12:35","date_gmt":"2018-03-16T03:12:35","guid":{"rendered":"http:\/\/laultimapalabra.info\/?p=878"},"modified":"2024-12-11T08:37:04","modified_gmt":"2024-12-11T14:37:04","slug":"usted-tiene-la-ultima-palabra-7","status":"publish","type":"post","link":"https:\/\/laultimapalabra.com.mx\/portal\/usted-tiene-la-ultima-palabra-7\/","title":{"rendered":"Usted tiene&#8230;La \u00daltima Palabra"},"content":{"rendered":"<p style=\"text-align: justify;\"><img loading=\"lazy\" decoding=\"async\" class=\"size-medium wp-image-390 alignleft\" src=\"https:\/\/laultimapalabra.com.mx\/portal\/wp-content\/uploads\/2018\/02\/28169846_1705449459476714_78449556_o-203x300.jpg\" alt=\"\" width=\"203\" height=\"300\" \/>Por: Ing. Jes\u00fas Herrera R\u00e1bago<\/p>\n<p style=\"text-align: justify;\">El \u201cGan\u00f3n\u201d<\/p>\n<p style=\"text-align: justify;\">A tres meses y medio de la elecci\u00f3n presidencial los n\u00fameros no var\u00edan, en el primer lugar de la carrera sigue firme L\u00f3pez Obrador, en el segundo se mantiene Ricardo Anaya y en un triste tercer lugar, a pesar de todo los intentos por levantarlo se encuentra Meade.<br \/>\nLas estrategias de los priistas y los panistas en las \u00faltimas semanas, en lugar de debilitar el \u201cPEJE\u201d, lo han catapultado a tener m\u00e1s del 40% en las encuestas de esta \u00faltima semana. Cuesti\u00f3n que dista mucho del pron\u00f3stico que hace meses se apuntaban a una elecci\u00f3n extremadamente cerrada.<br \/>\nNadando de muertito y poni\u00e9ndose de espectador, Andr\u00e9s Manuel ha sido el m\u00e1s beneficiado de los pleitos, dimes y diretes que el PRI, apoyado por el aparato gubernamental, lanz\u00f3 contra Ricardo Anaya acus\u00e1ndolo de lavado de dinero y en \u00faltima instancia de enriquecimiento il\u00edcito.<br \/>\nLa l\u00f3gica indicar\u00eda que el PRI se lanz\u00f3 con todo contra el panistas para bajarlo a un tercer lugar, y dejar as\u00ed a su candidato Meade enfilado a pelear contra el puntero de Morena. Pues si esa era la intenci\u00f3n, erraron gravemente, pues es cierto que Anaya perdi\u00f3 algunos puntos porcentuales y sobre todo detuvo su crecimiento, pero esto no benefici\u00f3 en nada a Meade que no subi\u00f3 en las encuestas.<br \/>\nLas mediciones de la \u00faltima semana muestra que el panista se sit\u00faa en un 25%, con una tendencia a la baja, pues ya se situaba entre 26 y 29; mientras que Meade se mantiene entre un 16 y 20%, sin tener una tendencia a crecer. Lo esperado hubiera sido que esos tres o cuatro puntos pusieran a Meade a la par del panista, pero la sorpresa es que no los atrajo, sino se fueron con el oriundo de Macuspana que ya presume una ventaja de hasta 15 puntos.<br \/>\nSinceramente el golpe asestado contra Anaya fue certero y aunque no lo ha mandado a la lona, lo dej\u00f3 muy \u201ctocado\u201d y con pocas posibilidades de levantarse. La cuesti\u00f3n es que dej\u00f3 una duda muy grande en el electorado sobre su honestidad, y aunque pruebe o diga lo contrario, incluso si no fuera cierto, va ser muy dif\u00edcil quitarse ese lastre.<br \/>\nLa otra hip\u00f3tesis posible es que todo este show medi\u00e1tico haya sido preparado por el PRI-Gobierno que, viendo que ya est\u00e1 fuera de la competencia, prefiera pactar con L\u00f3pez Obrador en lugar de con Anaya, pues no hay que olvidar que hubo una fractura entre Pe\u00f1a y el panista cuando era presidente del partido por no darle el triunfo en Coahuila el a\u00f1o pasado.<br \/>\nAs\u00ed las cosas, el \u201cgan\u00f3n\u201d result\u00f3 ser el tabasque\u00f1o que ahora s\u00f3lo tiene qu\u00e9 hacer una cosa: \u201cno hacer nada\u201d, s\u00ed ley\u00f3 bien, simplemente esconderse, no abrir la boca de m\u00e1s, no engancharse en pleitos, mantener un perfil bajo para enfilarse a ganar las elecciones. A mi parecer, s\u00f3lo una cat\u00e1strofe har\u00eda que perdiera la Silla, aunque, como siempre lo he dicho, en la pol\u00edtica todo puede pasar.<br \/>\nEsta es mi opini\u00f3n, usted tiene La \u00daltima Palabra.<\/p>\n","protected":false},"excerpt":{"rendered":"<p>Por: Ing. Jes\u00fas Herrera R\u00e1bago El \u201cGan\u00f3n\u201d A tres meses y medio de la elecci\u00f3n presidencial los n\u00fameros no var\u00edan, en el primer lugar de la carrera sigue firme L\u00f3pez Obrador, en el segundo se mantiene Ricardo Anaya y en un triste tercer lugar, a pesar de todo los intentos por levantarlo se encuentra Meade. [&hellip;]<\/p>\n","protected":false},"author":9,"featured_media":390,"comment_status":"open","ping_status":"closed","sticky":false,"template":"","format":"standard","meta":{"footnotes":""},"categories":[1],"tags":[1277],"class_list":["post-878","post","type-post","status-publish","format-standard","has-post-thumbnail","hentry","category-noticias","tag-ing-jesus-herrera"],"_links":{"self":[{"href":"https:\/\/laultimapalabra.com.mx\/portal\/wp-json\/wp\/v2\/posts\/878","targetHints":{"allow":["GET"]}}],"collection":[{"href":"https:\/\/laultimapalabra.com.mx\/portal\/wp-json\/wp\/v2\/posts"}],"about":[{"href":"https:\/\/laultimapalabra.com.mx\/portal\/wp-json\/wp\/v2\/types\/post"}],"author":[{"embeddable":true,"href":"https:\/\/laultimapalabra.com.mx\/portal\/wp-json\/wp\/v2\/users\/9"}],"replies":[{"embeddable":true,"href":"https:\/\/laultimapalabra.com.mx\/portal\/wp-json\/wp\/v2\/comments?post=878"}],"version-history":[{"count":1,"href":"https:\/\/laultimapalabra.com.mx\/portal\/wp-json\/wp\/v2\/posts\/878\/revisions"}],"predecessor-version":[{"id":63497,"href":"https:\/\/laultimapalabra.com.mx\/portal\/wp-json\/wp\/v2\/posts\/878\/revisions\/63497"}],"wp:featuredmedia":[{"embeddable":true,"href":"https:\/\/laultimapalabra.com.mx\/portal\/wp-json\/"}],"wp:attachment":[{"href":"https:\/\/laultimapalabra.com.mx\/portal\/wp-json\/wp\/v2\/media?parent=878"}],"wp:term":[{"taxonomy":"category","embeddable":true,"href":"https:\/\/laultimapalabra.com.mx\/portal\/wp-json\/wp\/v2\/categories?post=878"},{"taxonomy":"post_tag","embeddable":true,"href":"https:\/\/laultimapalabra.com.mx\/portal\/wp-json\/wp\/v2\/tags?post=878"}],"curies":[{"name":"wp","href":"https:\/\/api.w.org\/{rel}","templated":true}]}}