                       {"id":8849,"date":"2019-07-04T20:40:08","date_gmt":"2019-07-05T01:40:08","guid":{"rendered":"http:\/\/laultimapalabra.info\/?p=8849"},"modified":"2024-12-11T08:55:58","modified_gmt":"2024-12-11T14:55:58","slug":"la-foto-del-recuerdo-18","status":"publish","type":"post","link":"https:\/\/laultimapalabra.com.mx\/portal\/la-foto-del-recuerdo-18\/","title":{"rendered":"La Foto del Recuerdo"},"content":{"rendered":"<p><img loading=\"lazy\" decoding=\"async\" class=\"alignnone size-medium wp-image-8846\" src=\"https:\/\/laultimapalabra.com.mx\/portal\/wp-content\/uploads\/2019\/07\/FOTO-DEL-RECUERDO-300x169.jpg\" alt=\"\" width=\"300\" height=\"169\" \/><\/p>\n<p style=\"text-align: justify;\">Lugar: Parque Escoberos de Cadereyta. A\u00f1o: 1962 De Izquierda a Derecha parados: No identificado, Homero Garza, Juventino Cant\u00fa, Juan Rodr\u00edguez, Pedro Trevi\u00f1o (patrocinador) Ra\u00fal Ort\u00edz, Don Jos\u00e9 Mar\u00eda Gonz\u00e1lez, Rigoberto Cant\u00fa, Ramiro Reina, Ernesto Salazar (paletas) No identificado, abajo hincados: Leonardo (nayo) Arizpe, Juan Acosta, F\u00e9lix Quirino, Antonio \u201cKuri\u201d Acosta, Adalberto Cort\u00e9s, Jaime Garza y Rom\u00e1n Gonz\u00e1lez.<\/p>\n","protected":false},"excerpt":{"rendered":"<p>Lugar: Parque Escoberos de Cadereyta. A\u00f1o: 1962 De Izquierda a Derecha parados: No identificado, Homero Garza, Juventino Cant\u00fa, Juan Rodr\u00edguez, Pedro Trevi\u00f1o (patrocinador) Ra\u00fal Ort\u00edz, Don Jos\u00e9 Mar\u00eda Gonz\u00e1lez, Rigoberto Cant\u00fa, Ramiro Reina, Ernesto Salazar (paletas) No identificado, abajo hincados: Leonardo (nayo) Arizpe, Juan Acosta, F\u00e9lix Quirino, Antonio \u201cKuri\u201d Acosta, Adalberto Cort\u00e9s, Jaime Garza y [&hellip;]<\/p>\n","protected":false},"author":9,"featured_media":8846,"comment_status":"open","ping_status":"closed","sticky":false,"template":"","format":"standard","meta":{"footnotes":""},"categories":[1],"tags":[1380],"class_list":["post-8849","post","type-post","status-publish","format-standard","has-post-thumbnail","hentry","category-noticias","tag-la-foto-del-recuerdo"],"_links":{"self":[{"href":"https:\/\/laultimapalabra.com.mx\/portal\/wp-json\/wp\/v2\/posts\/8849","targetHints":{"allow":["GET"]}}],"collection":[{"href":"https:\/\/laultimapalabra.com.mx\/portal\/wp-json\/wp\/v2\/posts"}],"about":[{"href":"https:\/\/laultimapalabra.com.mx\/portal\/wp-json\/wp\/v2\/types\/post"}],"author":[{"embeddable":true,"href":"https:\/\/laultimapalabra.com.mx\/portal\/wp-json\/wp\/v2\/users\/9"}],"replies":[{"embeddable":true,"href":"https:\/\/laultimapalabra.com.mx\/portal\/wp-json\/wp\/v2\/comments?post=8849"}],"version-history":[{"count":1,"href":"https:\/\/laultimapalabra.com.mx\/portal\/wp-json\/wp\/v2\/posts\/8849\/revisions"}],"predecessor-version":[{"id":67713,"href":"https:\/\/laultimapalabra.com.mx\/portal\/wp-json\/wp\/v2\/posts\/8849\/revisions\/67713"}],"wp:featuredmedia":[{"embeddable":true,"href":"https:\/\/laultimapalabra.com.mx\/portal\/wp-json\/"}],"wp:attachment":[{"href":"https:\/\/laultimapalabra.com.mx\/portal\/wp-json\/wp\/v2\/media?parent=8849"}],"wp:term":[{"taxonomy":"category","embeddable":true,"href":"https:\/\/laultimapalabra.com.mx\/portal\/wp-json\/wp\/v2\/categories?post=8849"},{"taxonomy":"post_tag","embeddable":true,"href":"https:\/\/laultimapalabra.com.mx\/portal\/wp-json\/wp\/v2\/tags?post=8849"}],"curies":[{"name":"wp","href":"https:\/\/api.w.org\/{rel}","templated":true}]}}