                       {"id":8851,"date":"2019-07-04T20:44:11","date_gmt":"2019-07-05T01:44:11","guid":{"rendered":"http:\/\/laultimapalabra.info\/?p=8851"},"modified":"2024-12-11T08:55:58","modified_gmt":"2024-12-11T14:55:58","slug":"una-lesionada-en-choque","status":"publish","type":"post","link":"https:\/\/laultimapalabra.com.mx\/portal\/una-lesionada-en-choque\/","title":{"rendered":"Una lesionada en choque"},"content":{"rendered":"<p style=\"text-align: justify;\"><img loading=\"lazy\" decoding=\"async\" class=\"size-medium wp-image-8853 alignleft\" src=\"https:\/\/laultimapalabra.com.mx\/portal\/wp-content\/uploads\/2019\/07\/choquebase-300x149.jpg\" alt=\"\" width=\"300\" height=\"149\" \/>CADEREYTA JIM\u00c9NEZ, N.L.-<\/p>\n<p style=\"text-align: justify;\">Una mujer result\u00f3 herida en fuerte encontronazo entre dos autos la tarde del lunes primero de julio.<\/p>\n<p style=\"text-align: justify;\">Los hechos se desencadenaron en el bulevar Jos\u00e9 M. Gonz\u00e1lez, frente al asilo de ancianos, a las 18:10 hora del d\u00eda se\u00f1alado.<\/p>\n<p style=\"text-align: justify;\">Al lugar arribaron elementos de Tr\u00e1nsito para abanderar el \u00e1rea y realizar las primeras investigaciones de los hechos.<\/p>\n<p style=\"text-align: justify;\">Param\u00e9dicos de los Servicios de Emergencia Cadereyta brindaron los primeros auxilios a una mujer que se encontraba en uno de los autos participantes.<\/p>\n<p style=\"text-align: justify;\">El accidente pas\u00f3 a la agencia especializada en asuntos viales, donde se deslindar\u00e1n responsabilidades.<\/p>\n<p>&nbsp;<\/p>\n","protected":false},"excerpt":{"rendered":"<p>CADEREYTA JIM\u00c9NEZ, N.L.- Una mujer result\u00f3 herida en fuerte encontronazo entre dos autos la tarde del lunes primero de julio. Los hechos se desencadenaron en el bulevar Jos\u00e9 M. Gonz\u00e1lez, frente al asilo de ancianos, a las 18:10 hora del d\u00eda se\u00f1alado. Al lugar arribaron elementos de Tr\u00e1nsito para abanderar el \u00e1rea y realizar las [&hellip;]<\/p>\n","protected":false},"author":9,"featured_media":8853,"comment_status":"open","ping_status":"closed","sticky":false,"template":"","format":"standard","meta":{"footnotes":""},"categories":[8,9],"tags":[551],"class_list":["post-8851","post","type-post","status-publish","format-standard","has-post-thumbnail","hentry","category-seguridad","category-seguridad-cadereyta","tag-choques-cadereyta"],"_links":{"self":[{"href":"https:\/\/laultimapalabra.com.mx\/portal\/wp-json\/wp\/v2\/posts\/8851","targetHints":{"allow":["GET"]}}],"collection":[{"href":"https:\/\/laultimapalabra.com.mx\/portal\/wp-json\/wp\/v2\/posts"}],"about":[{"href":"https:\/\/laultimapalabra.com.mx\/portal\/wp-json\/wp\/v2\/types\/post"}],"author":[{"embeddable":true,"href":"https:\/\/laultimapalabra.com.mx\/portal\/wp-json\/wp\/v2\/users\/9"}],"replies":[{"embeddable":true,"href":"https:\/\/laultimapalabra.com.mx\/portal\/wp-json\/wp\/v2\/comments?post=8851"}],"version-history":[{"count":1,"href":"https:\/\/laultimapalabra.com.mx\/portal\/wp-json\/wp\/v2\/posts\/8851\/revisions"}],"predecessor-version":[{"id":67715,"href":"https:\/\/laultimapalabra.com.mx\/portal\/wp-json\/wp\/v2\/posts\/8851\/revisions\/67715"}],"wp:featuredmedia":[{"embeddable":true,"href":"https:\/\/laultimapalabra.com.mx\/portal\/wp-json\/"}],"wp:attachment":[{"href":"https:\/\/laultimapalabra.com.mx\/portal\/wp-json\/wp\/v2\/media?parent=8851"}],"wp:term":[{"taxonomy":"category","embeddable":true,"href":"https:\/\/laultimapalabra.com.mx\/portal\/wp-json\/wp\/v2\/categories?post=8851"},{"taxonomy":"post_tag","embeddable":true,"href":"https:\/\/laultimapalabra.com.mx\/portal\/wp-json\/wp\/v2\/tags?post=8851"}],"curies":[{"name":"wp","href":"https:\/\/api.w.org\/{rel}","templated":true}]}}