                       {"id":8875,"date":"2019-07-04T21:01:41","date_gmt":"2019-07-05T02:01:41","guid":{"rendered":"http:\/\/laultimapalabra.info\/?p=8875"},"modified":"2024-12-11T08:55:58","modified_gmt":"2024-12-11T14:55:58","slug":"controlara-ayuntamiento-servicios-de-emergencia","status":"publish","type":"post","link":"https:\/\/laultimapalabra.com.mx\/portal\/controlara-ayuntamiento-servicios-de-emergencia\/","title":{"rendered":"Controlar\u00e1 Ayuntamiento Servicios de Emergencia"},"content":{"rendered":"<p style=\"text-align: justify;\"><img loading=\"lazy\" decoding=\"async\" class=\"size-medium wp-image-8876 alignleft\" src=\"https:\/\/laultimapalabra.com.mx\/portal\/wp-content\/uploads\/2019\/07\/FOTO-BOMBEROS-300x167.png\" alt=\"\" width=\"300\" height=\"167\" \/>Miguel Oscar P\u00e9rez<br \/>\nCADEREYTA JIM\u00c9NEZ, N.L.-<br \/>\nEl viernes 28 de junio, en marat\u00f3nica sesi\u00f3n de cabildo, se aprob\u00f3 por mayor\u00eda, la consulta p\u00fablica para la modificaci\u00f3n del reglamento de Gobierno de Cadereyta Jim\u00e9nez, en donde se acuerda que los servicios de emergencia, como Bomberos y Protecci\u00f3n Civil pasen al mando del Secretario del Ayuntamiento.<br \/>\nOtra de las modificaciones es que se declare autonom\u00eda del Instituto Municipal de la Mujer Jimenense, quien funciona actualmente como un departamento del DIF, adem\u00e1s de la creaci\u00f3n de una coordinaci\u00f3n de jueces auxiliares.<br \/>\nFue la primera regidora Patricia Gonz\u00e1lez, quien ley\u00f3 el dictamen de la Comisi\u00f3n de Gobierno y Reglamentaci\u00f3n, quien analiz\u00f3 y aprob\u00f3 ese dictamen.<br \/>\nAl ser presentada la modificaci\u00f3n al pleno, uno de los regidores dije que su voto era en contra debido a que no estaba de acuerdo en la forma en que se hizo el reglamento.<br \/>\nEn cuanto sea publicado la aprobaci\u00f3n en el peri\u00f3dico oficial del estado, se iniciar\u00e1 la consulta p\u00fablica en la que se crear\u00e1 la coordinaci\u00f3n de los jueces auxiliares, adem\u00e1s que sea la Secretar\u00eda del Ayuntamiento, de quien dependan los Servicios de Emergencia Cadereyta,<\/p>\n","protected":false},"excerpt":{"rendered":"<p>Miguel Oscar P\u00e9rez CADEREYTA JIM\u00c9NEZ, N.L.- El viernes 28 de junio, en marat\u00f3nica sesi\u00f3n de cabildo, se aprob\u00f3 por mayor\u00eda, la consulta p\u00fablica para la modificaci\u00f3n del reglamento de Gobierno de Cadereyta Jim\u00e9nez, en donde se acuerda que los servicios de emergencia, como Bomberos y Protecci\u00f3n Civil pasen al mando del Secretario del Ayuntamiento. Otra [&hellip;]<\/p>\n","protected":false},"author":9,"featured_media":8876,"comment_status":"open","ping_status":"closed","sticky":false,"template":"","format":"standard","meta":{"footnotes":""},"categories":[17],"tags":[463,1172,2136],"class_list":["post-8875","post","type-post","status-publish","format-standard","has-post-thumbnail","hentry","category-locales-cadereyta","tag-carlos-rodriguez-el-cuate","tag-guillermo-de-leon-delgado","tag-servicios-de-emergencias-cadereyta"],"_links":{"self":[{"href":"https:\/\/laultimapalabra.com.mx\/portal\/wp-json\/wp\/v2\/posts\/8875","targetHints":{"allow":["GET"]}}],"collection":[{"href":"https:\/\/laultimapalabra.com.mx\/portal\/wp-json\/wp\/v2\/posts"}],"about":[{"href":"https:\/\/laultimapalabra.com.mx\/portal\/wp-json\/wp\/v2\/types\/post"}],"author":[{"embeddable":true,"href":"https:\/\/laultimapalabra.com.mx\/portal\/wp-json\/wp\/v2\/users\/9"}],"replies":[{"embeddable":true,"href":"https:\/\/laultimapalabra.com.mx\/portal\/wp-json\/wp\/v2\/comments?post=8875"}],"version-history":[{"count":1,"href":"https:\/\/laultimapalabra.com.mx\/portal\/wp-json\/wp\/v2\/posts\/8875\/revisions"}],"predecessor-version":[{"id":67729,"href":"https:\/\/laultimapalabra.com.mx\/portal\/wp-json\/wp\/v2\/posts\/8875\/revisions\/67729"}],"wp:featuredmedia":[{"embeddable":true,"href":"https:\/\/laultimapalabra.com.mx\/portal\/wp-json\/"}],"wp:attachment":[{"href":"https:\/\/laultimapalabra.com.mx\/portal\/wp-json\/wp\/v2\/media?parent=8875"}],"wp:term":[{"taxonomy":"category","embeddable":true,"href":"https:\/\/laultimapalabra.com.mx\/portal\/wp-json\/wp\/v2\/categories?post=8875"},{"taxonomy":"post_tag","embeddable":true,"href":"https:\/\/laultimapalabra.com.mx\/portal\/wp-json\/wp\/v2\/tags?post=8875"}],"curies":[{"name":"wp","href":"https:\/\/api.w.org\/{rel}","templated":true}]}}