                       {"id":8885,"date":"2019-07-04T21:18:01","date_gmt":"2019-07-05T02:18:01","guid":{"rendered":"http:\/\/laultimapalabra.info\/?p=8885"},"modified":"2024-12-11T08:55:58","modified_gmt":"2024-12-11T14:55:58","slug":"la-guarida-del-mapache-69","status":"publish","type":"post","link":"https:\/\/laultimapalabra.com.mx\/portal\/la-guarida-del-mapache-69\/","title":{"rendered":"La Guarida del Mapache"},"content":{"rendered":"<p style=\"text-align: justify;\"><img loading=\"lazy\" decoding=\"async\" class=\"size-medium wp-image-155 alignleft\" src=\"https:\/\/laultimapalabra.com.mx\/portal\/wp-content\/uploads\/2018\/02\/mapache-300x282.jpeg\" alt=\"\" width=\"300\" height=\"282\" \/>Por: El Mapache<\/p>\n<p style=\"text-align: justify;\">Qu\u00e9 onda raza! \u00bfC\u00f3mo me les ha ido de calores eh? La neta es que aqu\u00ed a su servilleta si le ha pegado duro jejejej ya saben uno que est\u00e1 impuesto a puro climita mat\u00f3n, pues imag\u00ednense la sufridera, pero mejor vayamos empezando con la chamba compis, porque luego aqu\u00ed espantan.<br \/>\nVITRINA<br \/>\nEl que parece que ya se puso en la vitrina es ni m\u00e1s ni menos que nuestro compi el \u201cBigotes\u201d Quintanilla, quien desde que anda haciendo arranques de obra por aqu\u00ed y por all\u00e1 pues se deja ver por todos laredos raza, eso s\u00ed, nunca queda bien jejeje porque anuncia una obra en un lado, y la raza le empieza a reclamar promesas de campa\u00f1a en cinco lados m\u00e1s, asi que ahorita ya la est\u00e1 sintiendo la exigencia del pueblo jimenense.<br \/>\nRELLENO<br \/>\nLo bueno es que siempre anda de buen humor en los eventucos, aunque hay que reconocer que yo no s\u00e9 por qu\u00e9 pero as\u00ed que ustedes digan que poder de convocatoria tiene, pues la mera verdad que no, no sabemos si el depa de Eventucos lidereado por el Kcho no haga su chamba y avise a los vecinos con tiempo, o si de plano es que la raza ya no le hace tanta pleites\u00eda a los funcionarios, lo que si es cierto es que pues a los eventucos les falta raza compis, eso si el buen \u201cBigotes\u201d Quintanilla as\u00ed que digan son**, son** no est\u00e1 jejeje porque hemos visto que ya tiene su relleno exclusivo jejejeje y se trata de nada m\u00e1s ni nada menos que los rugis, quienes ya comenzaron de perdido a acompa\u00f1arlo a los eventucos, cosa que pues de perdis le jala para que no se vea el asunto taaan solitario raza jejeje.<br \/>\nHUMILDAD<br \/>\nY mientras esto se ve ac\u00e1 en los eventucos de la zona urbana, pues ya se imaginar\u00e1n que el \u201cBigotes\u201d Quintanilla tambi\u00e9n est\u00e1 arrancando obras en lo rural, donde pues a decir verdad en d\u00edas pasados le invitaron un \u201ctaquito\u201d, yo creo lo vieron muy desmejoradito jejeje pero \u00e9l ni tarde ni perezoso que se avienta su almuerzo con sabor a campo.<br \/>\nPICTURE<br \/>\nHasta ah\u00ed \u00edbamos bien raza, lo que la neta me pareci\u00f3 de p\u00e9simo gusto fue que postearan una foto de esa situaci\u00f3n, de lo cual yo me pregunto c\u00f3mo que para qu\u00e9, porque neta que eso le quita lo \u201chumilde\u201d a la situaci\u00f3n.<br \/>\nDESESPERADO<br \/>\nCreo que hacen ver al \u201cbigotes\u201d medio desesperado por la aceptaci\u00f3n de la raza, la cual sin duda alguna s\u00f3lo va a tener si hace bien su chamba, no hay de otra, entonces si har\u00eda esa recomendaci\u00f3n compis, no hagan eso de querer hacer ver a alguien humilde y sencillo, porque ya nom\u00e1s con el hecho de publicarlo en face ya pierde toda credibilidad.<br \/>\nPILDORITA<br \/>\nY el que sigue como \u201cpildorita\u201d raza es el Fer Magullones que no contento con lo de las brigadas de la salud y dem\u00e1s en su ofis de rugi, ahora anda de colonia en colonia con su show de \u201cRugidor en tu comunidad\u201d donde se supone que la raza le dice los show que tienen y \u00e9l les va ayudar a resolverlos.<br \/>\nNETA<br \/>\nPues la neta esperamos que si pueda hacer algo por las problem\u00e1ticas de nuestro hermoso C\u00e1diz, ya que para eso se necesitan m\u00e1s manos, m\u00e1s y m\u00e1s, entonces pues todo lo que se pueda hacer por nuestro terru\u00f1o raza hay que hacerlo.<br \/>\nMAGULLONES<br \/>\nHablando del Rugi le deseamos mucha paz por el momento que atraviesa toda su familia, por la salud de su se\u00f1or padre, de coraz\u00f3n, nos solidarizamos.<br \/>\nESTRENANDO<br \/>\nY los que andan bien presumiditos compis son los disc\u00edpulos del cmte. \u201cGama1000\u201d, a quienes ayer ni m\u00e1s ni menos les hicieron entrega de un paquete completo de uniforme de todo a todo pa\u00b4que no anden ah\u00ed llorando que andan en fachas a estas fechas jejeje.<br \/>\nPATAS DE MULA<br \/>\nIndudablemente invertir en el tema de seguridad ES URGENTE para nuestro C\u00e1diz raza, eso que ni qu\u00e9, pero lo que si necesitamos que sepan los polis es que pues si se est\u00e1 tratando de darles lo que ocupan para la chamba, pues que m\u00ednimo cuiden, y mantengan en buenas condiciones lo que se les proporciona, porque luego ya ven que agarran unidades y las manejan como sus pies jejeje.<br \/>\nLLOVI\u00d3<br \/>\nPero no crean que todo ha sido miel sobre hojuelas raza eh! La neta es que a los pobres polis en comentarios de la noticia esta de los uniformes en redes sociales les llovi\u00f3 de todo desde que son unos ratas, hasta que est\u00e1n muy pasaditos de peso jejejeej si se\u00f1or, mmmuuuuy pasadiiiitoooos de peso, que hay que ponerlos en condici\u00f3n.<br \/>\nGYM<br \/>\nPues aunque suene a chascarrillo la neta es que si es de suma importancia que gocen de una buena complexi\u00f3n, si no imag\u00ednense jejeje en una correteada van a aventar el bofe, pero no alcanzar\u00e1n a los malhechores jejeje recomendaci\u00f3n p\u2019al \u201cGama1000\u201d, ya ver\u00e1 si la agarra o no.<br \/>\nFESTIVIDADES<br \/>\nY ya antes de irme raza, pues que dijo el \u201cBigotes\u201d que si habr\u00e1 feriezuca y quesque va a estar bara, bara para el pueblo, dijo que hoy termina de finiquitar ese asunto y pues imaginamos que nos mantenga informados pa saber si vamos o no a llevar a la \u201cfamily\u201d.<br \/>\nCUMBIA<br \/>\nAunque tambi\u00e9n dijo que para el Teatro del Pueblo vendr\u00edan agrupaciones interesantes, y esperemos que eso se traduzca en un evento bien organizado que nos deje luc\u00edrselos a otros municipios compis\u2026La vemos. .<\/p>\n","protected":false},"excerpt":{"rendered":"<p>Por: El Mapache Qu\u00e9 onda raza! \u00bfC\u00f3mo me les ha ido de calores eh? La neta es que aqu\u00ed a su servilleta si le ha pegado duro jejejej ya saben uno que est\u00e1 impuesto a puro climita mat\u00f3n, pues imag\u00ednense la sufridera, pero mejor vayamos empezando con la chamba compis, porque luego aqu\u00ed espantan. VITRINA [&hellip;]<\/p>\n","protected":false},"author":9,"featured_media":155,"comment_status":"open","ping_status":"closed","sticky":false,"template":"","format":"standard","meta":{"footnotes":""},"categories":[1],"tags":[940],"class_list":["post-8885","post","type-post","status-publish","format-standard","has-post-thumbnail","hentry","category-noticias","tag-el-mapache-la-guarida-del-mapache"],"_links":{"self":[{"href":"https:\/\/laultimapalabra.com.mx\/portal\/wp-json\/wp\/v2\/posts\/8885","targetHints":{"allow":["GET"]}}],"collection":[{"href":"https:\/\/laultimapalabra.com.mx\/portal\/wp-json\/wp\/v2\/posts"}],"about":[{"href":"https:\/\/laultimapalabra.com.mx\/portal\/wp-json\/wp\/v2\/types\/post"}],"author":[{"embeddable":true,"href":"https:\/\/laultimapalabra.com.mx\/portal\/wp-json\/wp\/v2\/users\/9"}],"replies":[{"embeddable":true,"href":"https:\/\/laultimapalabra.com.mx\/portal\/wp-json\/wp\/v2\/comments?post=8885"}],"version-history":[{"count":1,"href":"https:\/\/laultimapalabra.com.mx\/portal\/wp-json\/wp\/v2\/posts\/8885\/revisions"}],"predecessor-version":[{"id":67737,"href":"https:\/\/laultimapalabra.com.mx\/portal\/wp-json\/wp\/v2\/posts\/8885\/revisions\/67737"}],"wp:featuredmedia":[{"embeddable":true,"href":"https:\/\/laultimapalabra.com.mx\/portal\/wp-json\/"}],"wp:attachment":[{"href":"https:\/\/laultimapalabra.com.mx\/portal\/wp-json\/wp\/v2\/media?parent=8885"}],"wp:term":[{"taxonomy":"category","embeddable":true,"href":"https:\/\/laultimapalabra.com.mx\/portal\/wp-json\/wp\/v2\/categories?post=8885"},{"taxonomy":"post_tag","embeddable":true,"href":"https:\/\/laultimapalabra.com.mx\/portal\/wp-json\/wp\/v2\/tags?post=8885"}],"curies":[{"name":"wp","href":"https:\/\/api.w.org\/{rel}","templated":true}]}}