                       {"id":89,"date":"2018-02-01T22:00:51","date_gmt":"2018-02-01T22:00:51","guid":{"rendered":"http:\/\/laultimapalabra.info\/?p=89"},"modified":"2024-12-11T08:36:53","modified_gmt":"2024-12-11T14:36:53","slug":"se-roba-hasta-la-camara","status":"publish","type":"post","link":"https:\/\/laultimapalabra.com.mx\/portal\/se-roba-hasta-la-camara\/","title":{"rendered":"Se roba  hasta la c\u00e1mara"},"content":{"rendered":"<p style=\"text-align: justify;\"><img loading=\"lazy\" decoding=\"async\" class=\"size-medium wp-image-147 alignright\" src=\"https:\/\/laultimapalabra.com.mx\/portal\/wp-content\/uploads\/2018\/02\/se-roba-hasta-la-camara-300x215.jpg\" alt=\"\" width=\"300\" height=\"215\" \/>Miguel Oscar P\u00e9rez<\/p>\n<p style=\"text-align: justify;\">CADEREYTA JIM\u00c9NEZ, N.L.-Un ladr\u00f3n fue captado poco antes de arrancar la c\u00e1mara de seguridad de un domicilio a donde ingres\u00f3 luego que pasara por enfrente en compa\u00f1\u00eda de otros cinco sujetos m\u00e1s.<br \/>\nLos hechos se suscitaron el s\u00e1bado pasado, en una residencia de la calle L\u00e1zaro C\u00e1rdenas, donde fueron captados los movimientos del ladr\u00f3n al perpetrar el robo a casa habitaci\u00f3n.<br \/>\nPrimero se observa el paso de seis j\u00f3venes, con la cabeza cubierta por la calle Ignacio Comonfort donde se ubica la casa de las v\u00edctimas.<br \/>\nSegundos despu\u00e9s aparece en escena uno de los caminantes nocturnos quien se introduce a la parte frontal de la vivienda, presuntamente mientras los dem\u00e1s vigilan que no viniera nadie y descubriera el latrocinio.<br \/>\nEl joven ladr\u00f3n que vest\u00eda un pants, gorra y chamarra se acerc\u00f3 y toma un equipo hidroneum\u00e1tico para lavar carros con agua a presi\u00f3n.<br \/>\nLuego observa la c\u00e1mara que lo est\u00e1 grabando y se apropia de ella tambi\u00e9n, pero ignoraba quiz\u00e1 que su imagen se hab\u00eda quedado en el equipo de grabaci\u00f3n de las c\u00e1maras.<br \/>\nAll\u00ed se corta la imagen, sin embargo la revisarla en los monitores se aprecia la fisonom\u00eda de una persona delgada en cuya pierna izquierda el pants tra\u00eda la letra \u201cS\u201d o el n\u00famero 5.<br \/>\nLa polic\u00eda ya investiga los hechos y con las valiosas pistas es probable que de un momento a otro den con el responsable del delito de robo.<\/p>\n","protected":false},"excerpt":{"rendered":"<p>Miguel Oscar P\u00e9rez CADEREYTA JIM\u00c9NEZ, N.L.-Un ladr\u00f3n fue captado poco antes de arrancar la c\u00e1mara de seguridad de un domicilio a donde ingres\u00f3 luego que pasara por enfrente en compa\u00f1\u00eda de otros cinco sujetos m\u00e1s. Los hechos se suscitaron el s\u00e1bado pasado, en una residencia de la calle L\u00e1zaro C\u00e1rdenas, donde fueron captados los movimientos [&hellip;]<\/p>\n","protected":false},"author":9,"featured_media":147,"comment_status":"open","ping_status":"closed","sticky":false,"template":"","format":"standard","meta":{"footnotes":""},"categories":[17],"tags":[2040],"class_list":["post-89","post","type-post","status-publish","format-standard","has-post-thumbnail","hentry","category-locales-cadereyta","tag-robos-en-cadereyta"],"_links":{"self":[{"href":"https:\/\/laultimapalabra.com.mx\/portal\/wp-json\/wp\/v2\/posts\/89","targetHints":{"allow":["GET"]}}],"collection":[{"href":"https:\/\/laultimapalabra.com.mx\/portal\/wp-json\/wp\/v2\/posts"}],"about":[{"href":"https:\/\/laultimapalabra.com.mx\/portal\/wp-json\/wp\/v2\/types\/post"}],"author":[{"embeddable":true,"href":"https:\/\/laultimapalabra.com.mx\/portal\/wp-json\/wp\/v2\/users\/9"}],"replies":[{"embeddable":true,"href":"https:\/\/laultimapalabra.com.mx\/portal\/wp-json\/wp\/v2\/comments?post=89"}],"version-history":[{"count":1,"href":"https:\/\/laultimapalabra.com.mx\/portal\/wp-json\/wp\/v2\/posts\/89\/revisions"}],"predecessor-version":[{"id":63117,"href":"https:\/\/laultimapalabra.com.mx\/portal\/wp-json\/wp\/v2\/posts\/89\/revisions\/63117"}],"wp:featuredmedia":[{"embeddable":true,"href":"https:\/\/laultimapalabra.com.mx\/portal\/wp-json\/"}],"wp:attachment":[{"href":"https:\/\/laultimapalabra.com.mx\/portal\/wp-json\/wp\/v2\/media?parent=89"}],"wp:term":[{"taxonomy":"category","embeddable":true,"href":"https:\/\/laultimapalabra.com.mx\/portal\/wp-json\/wp\/v2\/categories?post=89"},{"taxonomy":"post_tag","embeddable":true,"href":"https:\/\/laultimapalabra.com.mx\/portal\/wp-json\/wp\/v2\/tags?post=89"}],"curies":[{"name":"wp","href":"https:\/\/api.w.org\/{rel}","templated":true}]}}