                       {"id":8901,"date":"2019-07-04T20:51:15","date_gmt":"2019-07-05T01:51:15","guid":{"rendered":"http:\/\/laultimapalabra.info\/?p=8901"},"modified":"2024-12-11T08:55:59","modified_gmt":"2024-12-11T14:55:59","slug":"piden-varias-colonias-el-mercado-social","status":"publish","type":"post","link":"https:\/\/laultimapalabra.com.mx\/portal\/piden-varias-colonias-el-mercado-social\/","title":{"rendered":"Piden varias colonias \u201cEl Mercado Social\u201d"},"content":{"rendered":"<p style=\"text-align: justify;\"><img loading=\"lazy\" decoding=\"async\" class=\"size-medium wp-image-8902 alignright\" src=\"https:\/\/laultimapalabra.com.mx\/portal\/wp-content\/uploads\/2019\/07\/4e98a2a5-9584-460b-8888-ddfd92c97ff8-225x300.jpg\" alt=\"\" width=\"225\" height=\"300\" \/> CD. BENITO JU\u00c1REZ, N.L.-<br \/>\nContin\u00faa ganando popularidad el Mercado Social, que realiza la Direcci\u00f3n de Promoci\u00f3n Social, dependiente de la Secretar\u00eda de Desarrollo Social, por los precios bajos con los que se venden en el lugar, aparte de ser art\u00edculos de primera calidad.<br \/>\n<img loading=\"lazy\" decoding=\"async\" class=\"size-medium wp-image-8904 alignleft\" src=\"https:\/\/laultimapalabra.com.mx\/portal\/wp-content\/uploads\/2019\/07\/e2665656-6ec0-4a18-857d-7ca57b279a68-225x300.jpg\" alt=\"\" width=\"225\" height=\"300\" \/>Ya son miles de familias que se han beneficiado con la compra de v\u00edveres a un precio \u00fanico, en cuanto a la fruta, mientras que a la vez huevo a precio muy econ\u00f3mico, pan, art\u00edculos l\u00e1cteos, frituras y abarrotes, entre otros art\u00edculos.<br \/>\nSon varias las colonias que est\u00e1n pidiendo que el \u201cMercado Social\u201d llegue hasta esos lugares, ya que se ha corrido la voz en cuanto al beneficio inmediato de los precios.<br \/>\nAparte de los comerciantes, el personal de la direcci\u00f3n de Promoci\u00f3n Social, mantiene el orden en el lugar, y todo las compras se realizan con tranquilidad y respeto.<\/p>\n","protected":false},"excerpt":{"rendered":"<p>CD. BENITO JU\u00c1REZ, N.L.- Contin\u00faa ganando popularidad el Mercado Social, que realiza la Direcci\u00f3n de Promoci\u00f3n Social, dependiente de la Secretar\u00eda de Desarrollo Social, por los precios bajos con los que se venden en el lugar, aparte de ser art\u00edculos de primera calidad. Ya son miles de familias que se han beneficiado con la compra [&hellip;]<\/p>\n","protected":false},"author":9,"featured_media":8903,"comment_status":"open","ping_status":"closed","sticky":false,"template":"","format":"standard","meta":{"footnotes":""},"categories":[18],"tags":[1188,1537],"class_list":["post-8901","post","type-post","status-publish","format-standard","has-post-thumbnail","hentry","category-locales-juarez","tag-heriberto-trevino-cantu","tag-mercado-social-juarez"],"_links":{"self":[{"href":"https:\/\/laultimapalabra.com.mx\/portal\/wp-json\/wp\/v2\/posts\/8901","targetHints":{"allow":["GET"]}}],"collection":[{"href":"https:\/\/laultimapalabra.com.mx\/portal\/wp-json\/wp\/v2\/posts"}],"about":[{"href":"https:\/\/laultimapalabra.com.mx\/portal\/wp-json\/wp\/v2\/types\/post"}],"author":[{"embeddable":true,"href":"https:\/\/laultimapalabra.com.mx\/portal\/wp-json\/wp\/v2\/users\/9"}],"replies":[{"embeddable":true,"href":"https:\/\/laultimapalabra.com.mx\/portal\/wp-json\/wp\/v2\/comments?post=8901"}],"version-history":[{"count":1,"href":"https:\/\/laultimapalabra.com.mx\/portal\/wp-json\/wp\/v2\/posts\/8901\/revisions"}],"predecessor-version":[{"id":67745,"href":"https:\/\/laultimapalabra.com.mx\/portal\/wp-json\/wp\/v2\/posts\/8901\/revisions\/67745"}],"wp:featuredmedia":[{"embeddable":true,"href":"https:\/\/laultimapalabra.com.mx\/portal\/wp-json\/"}],"wp:attachment":[{"href":"https:\/\/laultimapalabra.com.mx\/portal\/wp-json\/wp\/v2\/media?parent=8901"}],"wp:term":[{"taxonomy":"category","embeddable":true,"href":"https:\/\/laultimapalabra.com.mx\/portal\/wp-json\/wp\/v2\/categories?post=8901"},{"taxonomy":"post_tag","embeddable":true,"href":"https:\/\/laultimapalabra.com.mx\/portal\/wp-json\/wp\/v2\/tags?post=8901"}],"curies":[{"name":"wp","href":"https:\/\/api.w.org\/{rel}","templated":true}]}}