                       {"id":894,"date":"2018-03-22T20:43:08","date_gmt":"2018-03-22T20:43:08","guid":{"rendered":"http:\/\/laultimapalabra.info\/?p=894"},"modified":"2024-12-11T08:37:04","modified_gmt":"2024-12-11T14:37:04","slug":"festival-de-ciclismo-de-montana-en-la-huasteca","status":"publish","type":"post","link":"https:\/\/laultimapalabra.com.mx\/portal\/festival-de-ciclismo-de-montana-en-la-huasteca\/","title":{"rendered":"Festival de Ciclismo de Monta\u00f1a en la Huasteca"},"content":{"rendered":"<p style=\"text-align: justify;\"><img loading=\"lazy\" decoding=\"async\" class=\"size-medium wp-image-895 alignleft\" src=\"https:\/\/laultimapalabra.com.mx\/portal\/wp-content\/uploads\/2018\/03\/HUASTECA-2018-1-300x168.jpg\" alt=\"\" width=\"300\" height=\"168\" \/>Tres d\u00edas, tres pruebas; un solo desaf\u00edo<\/p>\n<p style=\"text-align: justify;\">Santa Catarina, N. L.- Se llev\u00f3 a cabo la 13a edici\u00f3n del festival de ciclismo de monta\u00f1a en el parque ecol\u00f3gico la Huasteca Municipio de Santa Catarina, el pasado fin de semana 17,18 y 19 del mes en curso. En este festival se corren 3 disciplinas diferentes de ciclismo de monta\u00f1a, la primera de ellas es el Short Track que consiste en correr en un circuito corto que va de 15 a 30 minutos de acuerdo a la categor\u00eda m\u00e1s 2 vueltas, la segunda es el Cross Country se corri\u00f3 en este caso en una pista de 6 km y la tercera es en la modalidad de mataron para este evento fueron 3 distancias 30, 50 y 70 km seg\u00fan el grupo y categor\u00eda. La meta se instal\u00f3 en el Parque 2 de la Huasteca, dentro de este parque se corri\u00f3 el short track, \u00e9l Cross Country y Marat\u00f3n misma meta, la pista es dentro del ca\u00f1\u00f3n e imponentes monta\u00f1as de la Huasteca, una pista que demanda mucho esfuerzo exige una gran condici\u00f3n f\u00edsica, mucha subida en caminos anchos con piedra suelta, tiene single track muy demandantes pr\u00e1cticamente m\u00e1s de la mitad de la pista es subida, siempre pega el sol a plomo y con grandes r\u00e1fagas de viento caracter\u00edsticos de esta zona. En los 3 d\u00edas aporximdadmanete se dieron cita m\u00e1s de 500 ciclistas lo que representa un \u00e9xito para la Liga de Ciclismo de Monta\u00f1a en este festival. Se premiaron los 5 primeros lugares de cada categor\u00eda, hubo una bolsa de $30,000.00 para las categor\u00edas estelares femenil y varonil elite, y a todos se les entrego una medalla de participaci\u00f3n del evento. Los ganadores en varonil elite el ex ol\u00edmpico Francisco Serrano Plowells que realizo un tiempo de 03:16:50 en una distancia de 70 km y en la categor\u00eda femenil Carolina Canavat\u00ed Benavides con tiempo de 03:16:50 misma distancia. Participaron ciclistas de titanes de Cadereyta con buen desempe\u00f1o terminando la carrera.<\/p>\n","protected":false},"excerpt":{"rendered":"<p>Tres d\u00edas, tres pruebas; un solo desaf\u00edo Santa Catarina, N. L.- Se llev\u00f3 a cabo la 13a edici\u00f3n del festival de ciclismo de monta\u00f1a en el parque ecol\u00f3gico la Huasteca Municipio de Santa Catarina, el pasado fin de semana 17,18 y 19 del mes en curso. En este festival se corren 3 disciplinas diferentes de [&hellip;]<\/p>\n","protected":false},"author":9,"featured_media":895,"comment_status":"open","ping_status":"closed","sticky":false,"template":"","format":"standard","meta":{"footnotes":""},"categories":[1],"tags":[1078],"class_list":["post-894","post","type-post","status-publish","format-standard","has-post-thumbnail","hentry","category-noticias","tag-festival-de-ciclismo-de-montana-en-la-huasteca"],"_links":{"self":[{"href":"https:\/\/laultimapalabra.com.mx\/portal\/wp-json\/wp\/v2\/posts\/894","targetHints":{"allow":["GET"]}}],"collection":[{"href":"https:\/\/laultimapalabra.com.mx\/portal\/wp-json\/wp\/v2\/posts"}],"about":[{"href":"https:\/\/laultimapalabra.com.mx\/portal\/wp-json\/wp\/v2\/types\/post"}],"author":[{"embeddable":true,"href":"https:\/\/laultimapalabra.com.mx\/portal\/wp-json\/wp\/v2\/users\/9"}],"replies":[{"embeddable":true,"href":"https:\/\/laultimapalabra.com.mx\/portal\/wp-json\/wp\/v2\/comments?post=894"}],"version-history":[{"count":1,"href":"https:\/\/laultimapalabra.com.mx\/portal\/wp-json\/wp\/v2\/posts\/894\/revisions"}],"predecessor-version":[{"id":63503,"href":"https:\/\/laultimapalabra.com.mx\/portal\/wp-json\/wp\/v2\/posts\/894\/revisions\/63503"}],"wp:featuredmedia":[{"embeddable":true,"href":"https:\/\/laultimapalabra.com.mx\/portal\/wp-json\/"}],"wp:attachment":[{"href":"https:\/\/laultimapalabra.com.mx\/portal\/wp-json\/wp\/v2\/media?parent=894"}],"wp:term":[{"taxonomy":"category","embeddable":true,"href":"https:\/\/laultimapalabra.com.mx\/portal\/wp-json\/wp\/v2\/categories?post=894"},{"taxonomy":"post_tag","embeddable":true,"href":"https:\/\/laultimapalabra.com.mx\/portal\/wp-json\/wp\/v2\/tags?post=894"}],"curies":[{"name":"wp","href":"https:\/\/api.w.org\/{rel}","templated":true}]}}