                       {"id":8942,"date":"2019-07-11T20:08:55","date_gmt":"2019-07-12T01:08:55","guid":{"rendered":"http:\/\/laultimapalabra.info\/?p=8942"},"modified":"2024-12-11T08:55:59","modified_gmt":"2024-12-11T14:55:59","slug":"la-foto-del-recuerdo-19","status":"publish","type":"post","link":"https:\/\/laultimapalabra.com.mx\/portal\/la-foto-del-recuerdo-19\/","title":{"rendered":"La Foto del Recuerdo"},"content":{"rendered":"<p><img loading=\"lazy\" decoding=\"async\" class=\"alignnone size-medium wp-image-8939\" src=\"https:\/\/laultimapalabra.com.mx\/portal\/wp-content\/uploads\/2019\/07\/9-300x186.jpg\" alt=\"\" width=\"300\" height=\"186\" \/><\/p>\n<p style=\"text-align: justify;\">Desfile en conmemoraci\u00f3n del Centenario de la Ciudad de Cadereyta Jim\u00e9nez, N.L., en el a\u00f1o de 1925, al fondo se divisa el Hotel que llev\u00f3 antiguamente por nombre \u201cTrinidad\u201d, en \u00e9l se hospedaron los Generales Mariano Escobedo y Santiago Tapia en el a\u00f1o de 1866 durante la invasi\u00f3n francesa; este hotel despu\u00e9s pas\u00f3 a ser propiedad privada siendo su due\u00f1o Don Fidencio de Le\u00f3n, padre del Ex-Alcalde Don Ra\u00fal de Le\u00f3n durante los a\u00f1os de 1940<\/p>\n<p>&nbsp;<\/p>\n","protected":false},"excerpt":{"rendered":"<p>Desfile en conmemoraci\u00f3n del Centenario de la Ciudad de Cadereyta Jim\u00e9nez, N.L., en el a\u00f1o de 1925, al fondo se divisa el Hotel que llev\u00f3 antiguamente por nombre \u201cTrinidad\u201d, en \u00e9l se hospedaron los Generales Mariano Escobedo y Santiago Tapia en el a\u00f1o de 1866 durante la invasi\u00f3n francesa; este hotel despu\u00e9s pas\u00f3 a ser [&hellip;]<\/p>\n","protected":false},"author":9,"featured_media":8939,"comment_status":"open","ping_status":"closed","sticky":false,"template":"","format":"standard","meta":{"footnotes":""},"categories":[1],"tags":[1095],"class_list":["post-8942","post","type-post","status-publish","format-standard","has-post-thumbnail","hentry","category-noticias","tag-foto-del-recuerdo"],"_links":{"self":[{"href":"https:\/\/laultimapalabra.com.mx\/portal\/wp-json\/wp\/v2\/posts\/8942","targetHints":{"allow":["GET"]}}],"collection":[{"href":"https:\/\/laultimapalabra.com.mx\/portal\/wp-json\/wp\/v2\/posts"}],"about":[{"href":"https:\/\/laultimapalabra.com.mx\/portal\/wp-json\/wp\/v2\/types\/post"}],"author":[{"embeddable":true,"href":"https:\/\/laultimapalabra.com.mx\/portal\/wp-json\/wp\/v2\/users\/9"}],"replies":[{"embeddable":true,"href":"https:\/\/laultimapalabra.com.mx\/portal\/wp-json\/wp\/v2\/comments?post=8942"}],"version-history":[{"count":1,"href":"https:\/\/laultimapalabra.com.mx\/portal\/wp-json\/wp\/v2\/posts\/8942\/revisions"}],"predecessor-version":[{"id":67763,"href":"https:\/\/laultimapalabra.com.mx\/portal\/wp-json\/wp\/v2\/posts\/8942\/revisions\/67763"}],"wp:featuredmedia":[{"embeddable":true,"href":"https:\/\/laultimapalabra.com.mx\/portal\/wp-json\/"}],"wp:attachment":[{"href":"https:\/\/laultimapalabra.com.mx\/portal\/wp-json\/wp\/v2\/media?parent=8942"}],"wp:term":[{"taxonomy":"category","embeddable":true,"href":"https:\/\/laultimapalabra.com.mx\/portal\/wp-json\/wp\/v2\/categories?post=8942"},{"taxonomy":"post_tag","embeddable":true,"href":"https:\/\/laultimapalabra.com.mx\/portal\/wp-json\/wp\/v2\/tags?post=8942"}],"curies":[{"name":"wp","href":"https:\/\/api.w.org\/{rel}","templated":true}]}}