                       {"id":8993,"date":"2019-07-11T20:57:10","date_gmt":"2019-07-12T01:57:10","guid":{"rendered":"http:\/\/laultimapalabra.info\/?p=8993"},"modified":"2024-12-11T08:56:00","modified_gmt":"2024-12-11T14:56:00","slug":"usted-tiene-la-ultima-palabra-70","status":"publish","type":"post","link":"https:\/\/laultimapalabra.com.mx\/portal\/usted-tiene-la-ultima-palabra-70\/","title":{"rendered":"Usted tiene&#8230; La \u00daltima Palabra"},"content":{"rendered":"<p style=\"text-align: justify;\"><strong><img loading=\"lazy\" decoding=\"async\" class=\"size-medium wp-image-390 alignleft\" src=\"https:\/\/laultimapalabra.com.mx\/portal\/wp-content\/uploads\/2018\/02\/28169846_1705449459476714_78449556_o-203x300.jpg\" alt=\"\" width=\"203\" height=\"300\" \/>Cobarde e irresponsable<\/strong><\/p>\n<p style=\"text-align: justify;\">Por: Ing. Jes\u00fas Herrera R\u00e1bago<\/p>\n<p style=\"text-align: justify;\">Desde hace buen tiempo he considerado que la forma en que un pol\u00edtico o servidor p\u00fablico deja su cargo, es un buen indicador para medir su talante o grandeza personal. Siempre menciono, por ejemplo, el caso del expresidente Ernesto Zedillo quien termin\u00f3 su sexenio sin reproches, criticas, sin lanzar culpas o excus\u00e1ndose de lo que hizo o no hizo.<br \/>\nMuy diferente el caso de los expresidentes panistas Vicente Fox y Felipe Calder\u00f3n que se han distinguido por seguir metidos en la \u201cgrilla\u201d, opinando, criticando, aprovechando cualquier oportunidad para salir a la palestra y sentirse importantes. El resultado es que la ciudadan\u00eda termin\u00f3 hart\u00e1ndose de ellos.<br \/>\nEsta semana renunci\u00f3 Carlos Urz\u00faa Secretario de Hacienda en los primeros meses del gobierno de AMLO, lo cual puede ser entendible y v\u00e1lido, pues cuando uno no se siente a gusto en un trabajo tiene todo el derecho a hacerse un lado, sin embargo, hay que hacerlo con \u201ccategor\u00eda\u201d y elegancia.<br \/>\nDesgraciadamente lo hizo con una carta que, adem\u00e1s de mostrar frustraci\u00f3n y enojo, resulta como lo mencion\u00f3 la diputada Tatiana Clouthier: \u201ccobarde e irresponsable\u201d, pues hace comentarios velados para dejar la duda y desatar todo tipo de aseveraciones negativas.<br \/>\nTiene raz\u00f3n Clouthier cuando dice: &#8220;Lo que no se vale es que cuando dejas un comentario de esta naturaleza a la imaginaci\u00f3n cada quien se imagina lo que quiere, y al imaginarse cada quien lo que quiere estamos creando un cantidad de fantas\u00edas o creando escenarios, o magnificando o minimizando las circunstancias; un puesto de esa envergadura obliga a una corresponsabilidad por el bien de M\u00e9xico y no s\u00f3lo aventar la piedra y esconder la mano&#8221;.<br \/>\nUsando la t\u00e9cnica del exvocero de Vicente Fox, lo que Tatiana quiso decir es que no sea \u201csacat\u00f3n\u201d y \u201ccobarde\u201d y si va abrir la boca, pues que tenga pantalones y lo diga con \u201csanto y se\u00f1a\u201d, pero si no tiene el valor, ni tiene pruebas, mejor que se calle y se retire en silencio.<br \/>\nEs una pena que con toda la experiencia y la trayectoria de Urz\u00faa, se preste a este tipo de juegos y ahora se haga la v\u00edctima. Como la misma diputada mencion\u00f3, si por ejemplo, le impusieron funcionarios, \u00e9l tuvo la oportunidad de rechazarlos desde un principio y no ahora lo denuncia cuando se va.<br \/>\nPeor result\u00f3 su acusaci\u00f3n de que personajes influyentes tienen \u201cconflicto de intereses\u201d, si los hay que los diga y punto, pero no se vale ponerlo en su carta de renuncia al estilo de programa de espect\u00e1culos se\u00f1alando solo rumores.<br \/>\nAs\u00ed las cosas, creo que Tatiana Clouthier, muy a su estilo y a su forma coherente de actuar, nuevamente, como lo hizo en la campa\u00f1a, sali\u00f3 a defender muy bien a AMLO y a su gobierno. Y obvio que sigue sumando puntos para el 2021.<br \/>\nEsta es mi opini\u00f3n, usted tiene La \u00daltima Palabra.<\/p>\n","protected":false},"excerpt":{"rendered":"<p>Cobarde e irresponsable Por: Ing. Jes\u00fas Herrera R\u00e1bago Desde hace buen tiempo he considerado que la forma en que un pol\u00edtico o servidor p\u00fablico deja su cargo, es un buen indicador para medir su talante o grandeza personal. Siempre menciono, por ejemplo, el caso del expresidente Ernesto Zedillo quien termin\u00f3 su sexenio sin reproches, criticas, [&hellip;]<\/p>\n","protected":false},"author":9,"featured_media":390,"comment_status":"open","ping_status":"closed","sticky":false,"template":"","format":"standard","meta":{"footnotes":""},"categories":[1],"tags":[1278],"class_list":["post-8993","post","type-post","status-publish","format-standard","has-post-thumbnail","hentry","category-noticias","tag-ing-jesus-herrera-rabago"],"_links":{"self":[{"href":"https:\/\/laultimapalabra.com.mx\/portal\/wp-json\/wp\/v2\/posts\/8993","targetHints":{"allow":["GET"]}}],"collection":[{"href":"https:\/\/laultimapalabra.com.mx\/portal\/wp-json\/wp\/v2\/posts"}],"about":[{"href":"https:\/\/laultimapalabra.com.mx\/portal\/wp-json\/wp\/v2\/types\/post"}],"author":[{"embeddable":true,"href":"https:\/\/laultimapalabra.com.mx\/portal\/wp-json\/wp\/v2\/users\/9"}],"replies":[{"embeddable":true,"href":"https:\/\/laultimapalabra.com.mx\/portal\/wp-json\/wp\/v2\/comments?post=8993"}],"version-history":[{"count":1,"href":"https:\/\/laultimapalabra.com.mx\/portal\/wp-json\/wp\/v2\/posts\/8993\/revisions"}],"predecessor-version":[{"id":67795,"href":"https:\/\/laultimapalabra.com.mx\/portal\/wp-json\/wp\/v2\/posts\/8993\/revisions\/67795"}],"wp:featuredmedia":[{"embeddable":true,"href":"https:\/\/laultimapalabra.com.mx\/portal\/wp-json\/"}],"wp:attachment":[{"href":"https:\/\/laultimapalabra.com.mx\/portal\/wp-json\/wp\/v2\/media?parent=8993"}],"wp:term":[{"taxonomy":"category","embeddable":true,"href":"https:\/\/laultimapalabra.com.mx\/portal\/wp-json\/wp\/v2\/categories?post=8993"},{"taxonomy":"post_tag","embeddable":true,"href":"https:\/\/laultimapalabra.com.mx\/portal\/wp-json\/wp\/v2\/tags?post=8993"}],"curies":[{"name":"wp","href":"https:\/\/api.w.org\/{rel}","templated":true}]}}