                       {"id":9008,"date":"2019-07-11T20:27:16","date_gmt":"2019-07-12T01:27:16","guid":{"rendered":"http:\/\/laultimapalabra.info\/?p=9008"},"modified":"2024-12-11T08:56:00","modified_gmt":"2024-12-11T14:56:00","slug":"inicia-alcalde-obras-viales","status":"publish","type":"post","link":"https:\/\/laultimapalabra.com.mx\/portal\/inicia-alcalde-obras-viales\/","title":{"rendered":"Inicia alcalde obras viales"},"content":{"rendered":"<p style=\"text-align: justify;\"><img loading=\"lazy\" decoding=\"async\" class=\"size-medium wp-image-9010 alignright\" src=\"https:\/\/laultimapalabra.com.mx\/portal\/wp-content\/uploads\/2019\/07\/2-1-300x200.jpg\" alt=\"\" width=\"300\" height=\"200\" \/> Adem\u00e1s intensifican bacheo en las diferentes avenidas.<\/p>\n<p style=\"text-align: justify;\">CD. BENITO JU\u00c1REZ, N.L.-<br \/>\nMejores calles y vialidades ha sido una prioridad en el tema de movilidad para el Gobierno Municipal de Ju\u00e1rez, que a su vez ayude a sus habitantes a reducir tiempos de traslados en su vida diaria.<br \/>\nPara lograr lo anterior el Alcalde Heriberto Trevi\u00f1o Cant\u00fa, arranc\u00f3 los trabajos para la construcci\u00f3n de adecuaciones viales en dos puntos importantes de la ciudad.<br \/>\nLa primera obra ser\u00e1 en la calle Francisco Naranjo entre Avenida Arturo B. de la Garza y Libramiento Julio Cisneros, donde ampliar\u00e1n a dos carriles en ambos sentidos, se crear\u00e1 un camell\u00f3n central, banquetas y rampas para personas con capacidades diferentes.<br \/>\n<img loading=\"lazy\" decoding=\"async\" class=\"size-medium wp-image-9011 alignleft\" src=\"https:\/\/laultimapalabra.com.mx\/portal\/wp-content\/uploads\/2019\/07\/4-300x200.jpg\" alt=\"\" width=\"300\" height=\"200\" \/>Adem\u00e1s se reforzar\u00e1 el alumbrado p\u00fablico, se instalar\u00e1n nuevos se\u00f1alamientos y se realizar\u00e1n trabajos de bacheo superficial y profundo, invirtiendo tres millones 330 mil 538 pesos.<br \/>\nEn la segunda adecuaci\u00f3n sobre la Avenida Te\u00f3filo Salinas, se supervisaron los avances de la ampliaci\u00f3n de un carril de salida hacia las laterales y el cruce de la rotonda con el \u00fanico fin de evitar accidentes.<br \/>\nPara finalizar el edil juarense acudi\u00f3 a la Colonia Francisco Villa, donde supervis\u00f3 los trabajos de bacheo que se vienen realizando, beneficiando a este sector con el programa intensivo de rehabilitaci\u00f3n de calles y accesos principales.<\/p>\n","protected":false},"excerpt":{"rendered":"<p>Adem\u00e1s intensifican bacheo en las diferentes avenidas. CD. BENITO JU\u00c1REZ, N.L.- Mejores calles y vialidades ha sido una prioridad en el tema de movilidad para el Gobierno Municipal de Ju\u00e1rez, que a su vez ayude a sus habitantes a reducir tiempos de traslados en su vida diaria. Para lograr lo anterior el Alcalde Heriberto Trevi\u00f1o [&hellip;]<\/p>\n","protected":false},"author":9,"featured_media":9009,"comment_status":"open","ping_status":"closed","sticky":false,"template":"","format":"standard","meta":{"footnotes":""},"categories":[1],"tags":[1188,1650],"class_list":["post-9008","post","type-post","status-publish","format-standard","has-post-thumbnail","hentry","category-noticias","tag-heriberto-trevino-cantu","tag-obras-viales-juarez"],"_links":{"self":[{"href":"https:\/\/laultimapalabra.com.mx\/portal\/wp-json\/wp\/v2\/posts\/9008","targetHints":{"allow":["GET"]}}],"collection":[{"href":"https:\/\/laultimapalabra.com.mx\/portal\/wp-json\/wp\/v2\/posts"}],"about":[{"href":"https:\/\/laultimapalabra.com.mx\/portal\/wp-json\/wp\/v2\/types\/post"}],"author":[{"embeddable":true,"href":"https:\/\/laultimapalabra.com.mx\/portal\/wp-json\/wp\/v2\/users\/9"}],"replies":[{"embeddable":true,"href":"https:\/\/laultimapalabra.com.mx\/portal\/wp-json\/wp\/v2\/comments?post=9008"}],"version-history":[{"count":1,"href":"https:\/\/laultimapalabra.com.mx\/portal\/wp-json\/wp\/v2\/posts\/9008\/revisions"}],"predecessor-version":[{"id":67805,"href":"https:\/\/laultimapalabra.com.mx\/portal\/wp-json\/wp\/v2\/posts\/9008\/revisions\/67805"}],"wp:featuredmedia":[{"embeddable":true,"href":"https:\/\/laultimapalabra.com.mx\/portal\/wp-json\/"}],"wp:attachment":[{"href":"https:\/\/laultimapalabra.com.mx\/portal\/wp-json\/wp\/v2\/media?parent=9008"}],"wp:term":[{"taxonomy":"category","embeddable":true,"href":"https:\/\/laultimapalabra.com.mx\/portal\/wp-json\/wp\/v2\/categories?post=9008"},{"taxonomy":"post_tag","embeddable":true,"href":"https:\/\/laultimapalabra.com.mx\/portal\/wp-json\/wp\/v2\/tags?post=9008"}],"curies":[{"name":"wp","href":"https:\/\/api.w.org\/{rel}","templated":true}]}}