                       {"id":9064,"date":"2019-07-18T10:26:01","date_gmt":"2019-07-18T15:26:01","guid":{"rendered":"http:\/\/laultimapalabra.info\/?p=9064"},"modified":"2024-12-11T08:56:01","modified_gmt":"2024-12-11T14:56:01","slug":"realizan-maraton-de-ciclismo-de-montana-en-linares","status":"publish","type":"post","link":"https:\/\/laultimapalabra.com.mx\/portal\/realizan-maraton-de-ciclismo-de-montana-en-linares\/","title":{"rendered":"Realizan Marat\u00f3n de Ciclismo de Monta\u00f1a en Linares"},"content":{"rendered":"<div id=\"attachment_9059\" style=\"width: 235px\" class=\"wp-caption alignleft\"><img loading=\"lazy\" decoding=\"async\" aria-describedby=\"caption-attachment-9059\" class=\"size-medium wp-image-9059\" src=\"https:\/\/laultimapalabra.com.mx\/portal\/wp-content\/uploads\/2019\/07\/MARATON-LINARES-2019-1-225x300.jpg\" alt=\"\" width=\"225\" height=\"300\" \/><p id=\"caption-attachment-9059\" class=\"wp-caption-text\">Eli\u00fad Sald\u00edvar. Segunda base de los toros<\/p><\/div>\n<p style=\"text-align: justify;\">Se corri\u00f3 la 7\u00b0 etapa del serial de la Liga de Ciclismo de Monta\u00f1a de Nuevo Le\u00f3n<\/p>\n<p style=\"text-align: justify;\">Hasta el municipio de Linares se trasladaron los ciclistas de monta\u00f1a para correr la pen\u00faltima etapa del serial 2019 coordinado por la Liga de Ciclismo y el Municipio de Linares. El evento se celebr\u00f3 el pasado domingo 14 de julio el lugar de la salida y meta fue en el Parque Recreativo el Nogalar. La salida fue en punto de las 08:00 am previamente se dio la ceremonia de banderazo de salida por autoridades municipales que se dieron cita. Se cont\u00f3 con 5 pistas con diferentes distancias para cada uno de los grupos como por ejemplo el grupo 1 lo integran las categor\u00edas elite y expertos la distancia para ellos fue 76k, el grupo 2 las categor\u00edas avanzados 63 km, el grupo que son todos los intermedios 53 km, el grupo de principiantes es el 4 corrieron una distancia de 41 km el nuevo grupo que se form\u00f3 al inicio de la temporada es el de promocional este lo integran ciclistas verdaderamente principiantes y su distancia fue de 18 km. La asistencia de calcula 380 personas. La pista de Linares es considerada una pista r\u00e1pida, 100 % camino ancho solo 3 subidas con cierta inclinaci\u00f3n, pero nada del otro mundo se puede escalar sin problemas, durante el desarrollo de la carrera no se presentaron accidentes, algunas partes de la pista tenia lagunas y lodo por las lluvias de la semana pasada. Adem\u00e1s, a unos ciclistas les toco parar por completo la bici porque una mandada de vacas estaba obstruyendo la pista. Se entregaron trofeo a los primeros 5 lugares de cada categor\u00eda y a toda una medalla de participaci\u00f3n. Los ganadores en las categor\u00edas estelares elite varonil y femenil los ganadores fueron: Jezel Alan\u00eds del equipo Comadrejas de Allende con un tiempo de 02:44:11 y Alejandra Mart\u00ednez Ibarra del equipo Amstel Cicling Team con un tiempo de 03:15:51. El equipo Titanes de Cadereyta participo en esta etapa resultando ganadora del 2\u00b0 lugar en categor\u00eda femenil avanzados Nohem\u00ed Aguilar de Garza la cual sigue cosechando trofeos. Participaron tambi\u00e9n por Titanes Jos\u00e9 Garza, Armando Buenfil, Juan Rangel y Jos\u00e9 \u00c1ngel Trujillo.<br \/>\nLa pr\u00f3xima y \u00faltima etapa de este serial 2019 ser\u00e1 en el Municipio de Iturbide el 25 de agosto.<br \/>\nClub de Ciclismo Titanes de Cadereyta<\/p>\n","protected":false},"excerpt":{"rendered":"<p>Se corri\u00f3 la 7\u00b0 etapa del serial de la Liga de Ciclismo de Monta\u00f1a de Nuevo Le\u00f3n Hasta el municipio de Linares se trasladaron los ciclistas de monta\u00f1a para correr la pen\u00faltima etapa del serial 2019 coordinado por la Liga de Ciclismo y el Municipio de Linares. El evento se celebr\u00f3 el pasado domingo 14 [&hellip;]<\/p>\n","protected":false},"author":9,"featured_media":9060,"comment_status":"open","ping_status":"closed","sticky":false,"template":"","format":"standard","meta":{"footnotes":""},"categories":[1],"tags":[586],"class_list":["post-9064","post","type-post","status-publish","format-standard","has-post-thumbnail","hentry","category-noticias","tag-club-de-ciclismo-titanes-de-cadereyta"],"_links":{"self":[{"href":"https:\/\/laultimapalabra.com.mx\/portal\/wp-json\/wp\/v2\/posts\/9064","targetHints":{"allow":["GET"]}}],"collection":[{"href":"https:\/\/laultimapalabra.com.mx\/portal\/wp-json\/wp\/v2\/posts"}],"about":[{"href":"https:\/\/laultimapalabra.com.mx\/portal\/wp-json\/wp\/v2\/types\/post"}],"author":[{"embeddable":true,"href":"https:\/\/laultimapalabra.com.mx\/portal\/wp-json\/wp\/v2\/users\/9"}],"replies":[{"embeddable":true,"href":"https:\/\/laultimapalabra.com.mx\/portal\/wp-json\/wp\/v2\/comments?post=9064"}],"version-history":[{"count":1,"href":"https:\/\/laultimapalabra.com.mx\/portal\/wp-json\/wp\/v2\/posts\/9064\/revisions"}],"predecessor-version":[{"id":67829,"href":"https:\/\/laultimapalabra.com.mx\/portal\/wp-json\/wp\/v2\/posts\/9064\/revisions\/67829"}],"wp:featuredmedia":[{"embeddable":true,"href":"https:\/\/laultimapalabra.com.mx\/portal\/wp-json\/"}],"wp:attachment":[{"href":"https:\/\/laultimapalabra.com.mx\/portal\/wp-json\/wp\/v2\/media?parent=9064"}],"wp:term":[{"taxonomy":"category","embeddable":true,"href":"https:\/\/laultimapalabra.com.mx\/portal\/wp-json\/wp\/v2\/categories?post=9064"},{"taxonomy":"post_tag","embeddable":true,"href":"https:\/\/laultimapalabra.com.mx\/portal\/wp-json\/wp\/v2\/tags?post=9064"}],"curies":[{"name":"wp","href":"https:\/\/api.w.org\/{rel}","templated":true}]}}