                       {"id":9066,"date":"2019-07-18T10:30:17","date_gmt":"2019-07-18T15:30:17","guid":{"rendered":"http:\/\/laultimapalabra.info\/?p=9066"},"modified":"2024-12-11T08:56:01","modified_gmt":"2024-12-11T14:56:01","slug":"la-muerte-del-gral-antonio-lopez-de-santa-anna","status":"publish","type":"post","link":"https:\/\/laultimapalabra.com.mx\/portal\/la-muerte-del-gral-antonio-lopez-de-santa-anna\/","title":{"rendered":"La muerte del Gral. Antonio L\u00f3pez de Santa Anna"},"content":{"rendered":"<p style=\"text-align: justify;\"><img loading=\"lazy\" decoding=\"async\" class=\"size-medium wp-image-9067 alignright\" src=\"https:\/\/laultimapalabra.com.mx\/portal\/wp-content\/uploads\/2019\/07\/santa-anna-antonio-lopez-de-1061-208x300.jpg\" alt=\"\" width=\"208\" height=\"300\" \/>Por: Dr. Jos\u00e9 Ascenci\u00f3n Tijerina Flores<\/p>\n<p style=\"text-align: justify;\">Mucho se ha escrito acerca de la vida del ex Presidente de M\u00e9xico Gral. Antonio L\u00f3pez de Santa Anna. En 11 ocasiones diferentes ocup\u00f3 dicho cargo y en algunas de ellas fue requerido en su hacienda Veracruzana para poner orden en el pa\u00eds. Tal vez el mexicano m\u00e1s poderoso e importante de su tiempo.<br \/>\nSe le carga el pecado de haber vendido gran parte del territorio mexicano motivo por el cual fue declarado traidor de la patria, pero la verdad es que no fue as\u00ed, muri\u00f3 como todo buen ciudadano en la ciudad de M\u00e9xico despu\u00e9s de haber disfrutado sus \u00faltimos meses como criador de gallos de pelea, como tambi\u00e9n el \u00fanico Presidente de la historia que acudi\u00f3 personalmente con su ej\u00e9rcito para defender el territorio mexicano.<br \/>\nEl Gral. Santa Anna hab\u00eda sido exiliado por el Presidente Benito Ju\u00e1rez a la isla Nassau enter\u00e1ndose alla que el Presidente Ju\u00e1rez estaba afinando un decreto de amnist\u00eda para imperialistas (Conse que estamos hablando de 1870) y que \u00e9l no estaba contemplado para ese beneficio.<br \/>\nCuando muere Ju\u00e1rez en 1872 Santa Anna regres\u00f3 al pa\u00eds en febrero de 1874, pero se pod\u00eda apreciar que ven\u00eda en condiciones muy lamentables de salud, sordo y casi ciego.<br \/>\nEn ciudad de M\u00e9xico fue recibido por su esposa, por el Gral. Bonifacio Tosta y por su nieto Francisco de Castro. Lleg\u00f3 a la casa de Vergara n\u00famero 9 y una vez recuperado del viaje fue a visitar a la Virgen de Guadalupe en el Tepeyac.<br \/>\nAl llegar la primavera de 1876 se le cay\u00f3 a\u00fan m\u00e1s su estado de salud, as\u00ed que dict\u00f3 un escueto testamento y sabiendo que el fin estaba cerca pidi\u00f3 que lo sepultaran en el cementerio de la Colegiata de Guadalupe que era el lugar m\u00e1s pr\u00f3ximo de donde se encontraba.<br \/>\nLa noche del 20 de junio le pidi\u00f3 a su esposa que lo dejara s\u00f3lo para dormir y cuando ella regres\u00f3 para verlo antes de retirarse, lo encontr\u00f3 ya fallecido.<br \/>\nAs\u00ed muri\u00f3 solo el redentor de la patria que ocupar\u00eda la Presidencia de la Rep\u00fablica en 11 ocasiones diferentes.<br \/>\nREFLEXI\u00d3N<br \/>\n\u201cA La hora de partir, de nada sirve las lisonjas que le hubieran hecho al hombre cuando es poderoso, mucho menos sirven los bienes materiales, dinero acumulado y propiedades, pues expira como todos los dem\u00e1s\u201d<br \/>\nEsta es una historia rescatada del algunas obras que se han escrito acerca de la vida de este singular personaje que aun despu\u00e9s de tantos a\u00f1os de muerto sigue vigente en la mente de muchos mexicanos perdurando la inc\u00f3gnita: H\u00e9roe o traidor?<br \/>\nGracias<\/p>\n","protected":false},"excerpt":{"rendered":"<p>Por: Dr. Jos\u00e9 Ascenci\u00f3n Tijerina Flores Mucho se ha escrito acerca de la vida del ex Presidente de M\u00e9xico Gral. Antonio L\u00f3pez de Santa Anna. En 11 ocasiones diferentes ocup\u00f3 dicho cargo y en algunas de ellas fue requerido en su hacienda Veracruzana para poner orden en el pa\u00eds. Tal vez el mexicano m\u00e1s poderoso [&hellip;]<\/p>\n","protected":false},"author":9,"featured_media":9067,"comment_status":"open","ping_status":"closed","sticky":false,"template":"","format":"standard","meta":{"footnotes":""},"categories":[1],"tags":[879],"class_list":["post-9066","post","type-post","status-publish","format-standard","has-post-thumbnail","hentry","category-noticias","tag-dr-jose-ascencion-tijerina-flores"],"_links":{"self":[{"href":"https:\/\/laultimapalabra.com.mx\/portal\/wp-json\/wp\/v2\/posts\/9066","targetHints":{"allow":["GET"]}}],"collection":[{"href":"https:\/\/laultimapalabra.com.mx\/portal\/wp-json\/wp\/v2\/posts"}],"about":[{"href":"https:\/\/laultimapalabra.com.mx\/portal\/wp-json\/wp\/v2\/types\/post"}],"author":[{"embeddable":true,"href":"https:\/\/laultimapalabra.com.mx\/portal\/wp-json\/wp\/v2\/users\/9"}],"replies":[{"embeddable":true,"href":"https:\/\/laultimapalabra.com.mx\/portal\/wp-json\/wp\/v2\/comments?post=9066"}],"version-history":[{"count":1,"href":"https:\/\/laultimapalabra.com.mx\/portal\/wp-json\/wp\/v2\/posts\/9066\/revisions"}],"predecessor-version":[{"id":67831,"href":"https:\/\/laultimapalabra.com.mx\/portal\/wp-json\/wp\/v2\/posts\/9066\/revisions\/67831"}],"wp:featuredmedia":[{"embeddable":true,"href":"https:\/\/laultimapalabra.com.mx\/portal\/wp-json\/"}],"wp:attachment":[{"href":"https:\/\/laultimapalabra.com.mx\/portal\/wp-json\/wp\/v2\/media?parent=9066"}],"wp:term":[{"taxonomy":"category","embeddable":true,"href":"https:\/\/laultimapalabra.com.mx\/portal\/wp-json\/wp\/v2\/categories?post=9066"},{"taxonomy":"post_tag","embeddable":true,"href":"https:\/\/laultimapalabra.com.mx\/portal\/wp-json\/wp\/v2\/tags?post=9066"}],"curies":[{"name":"wp","href":"https:\/\/api.w.org\/{rel}","templated":true}]}}