                       {"id":9081,"date":"2019-07-18T13:24:51","date_gmt":"2019-07-18T18:24:51","guid":{"rendered":"http:\/\/laultimapalabra.info\/?p=9081"},"modified":"2024-12-11T08:56:01","modified_gmt":"2024-12-11T14:56:01","slug":"apoyo-para-zona-rural","status":"publish","type":"post","link":"https:\/\/laultimapalabra.com.mx\/portal\/apoyo-para-zona-rural\/","title":{"rendered":"Apoyo para zona rural"},"content":{"rendered":"<p style=\"text-align: justify;\"><img loading=\"lazy\" decoding=\"async\" class=\"size-medium wp-image-9083 alignleft\" src=\"https:\/\/laultimapalabra.com.mx\/portal\/wp-content\/uploads\/2019\/07\/6abc450b-93e4-4496-a828-c0898f27a2e5-300x225.jpg\" alt=\"\" width=\"300\" height=\"225\" \/>CADEREYTA JIM\u00c9NEZ, N.L.-<br \/>\nDebido a las lluvias que se presentaron este jueves 11 de Julio en la zona urbana y rural del municipio de Cadereyta, un grupo de servicios de emergencias y seguridad p\u00fablica brind\u00f3 apoyo a 4 familias que sufrieron da\u00f1os por el paso de los fuertes vientos.<br \/>\nGuillermo de Le\u00f3n, director de Protecci\u00f3n Civil y Gamaliel Meza Secretario de Seguridad P\u00fablica, organizaron al personal para brindar apoyo inmediato a las familias y sentir la atenci\u00f3n por parte de las autoridades municipales.<br \/>\nAl lugar arribaron unidades de Cruz Verde, Bomberos, Protecci\u00f3n Civil y Polic\u00eda Municipal.<br \/>\n\u201cLa atenci\u00f3n ser\u00e1 a la ciudadan\u00eda en general que necesite nuestros servicios, son las instrucciones del se\u00f1or Alcalde Ernesto Quintanilla Villarreal y las estamos atendiendo con el personal en turno, para que los jimenenses sientan el apoyo siempre&#8221;, coment\u00f3 Meza G\u00f3mez.<br \/>\nPor su parte el Director de Protecci\u00f3n Civil y Bomberos, dijo estar siempre alerta a las inclemencias del tiempo, para llegar a las zonas que lo necesite.<br \/>\nEn esta ocasi\u00f3n en la comunidad de la Trinidad, no se presentaron personas lesionadas y los da\u00f1os materiales como l\u00e1minas, barrotes y suministro de energ\u00eda el\u00e9ctrica fueron atendidos.<\/p>\n","protected":false},"excerpt":{"rendered":"<p>CADEREYTA JIM\u00c9NEZ, N.L.- Debido a las lluvias que se presentaron este jueves 11 de Julio en la zona urbana y rural del municipio de Cadereyta, un grupo de servicios de emergencias y seguridad p\u00fablica brind\u00f3 apoyo a 4 familias que sufrieron da\u00f1os por el paso de los fuertes vientos. Guillermo de Le\u00f3n, director de Protecci\u00f3n [&hellip;]<\/p>\n","protected":false},"author":9,"featured_media":9082,"comment_status":"open","ping_status":"closed","sticky":false,"template":"","format":"standard","meta":{"footnotes":""},"categories":[17,8,9],"tags":[1748,2136],"class_list":["post-9081","post","type-post","status-publish","format-standard","has-post-thumbnail","hentry","category-locales-cadereyta","category-seguridad","category-seguridad-cadereyta","tag-pc-cadereyta","tag-servicios-de-emergencias-cadereyta"],"_links":{"self":[{"href":"https:\/\/laultimapalabra.com.mx\/portal\/wp-json\/wp\/v2\/posts\/9081","targetHints":{"allow":["GET"]}}],"collection":[{"href":"https:\/\/laultimapalabra.com.mx\/portal\/wp-json\/wp\/v2\/posts"}],"about":[{"href":"https:\/\/laultimapalabra.com.mx\/portal\/wp-json\/wp\/v2\/types\/post"}],"author":[{"embeddable":true,"href":"https:\/\/laultimapalabra.com.mx\/portal\/wp-json\/wp\/v2\/users\/9"}],"replies":[{"embeddable":true,"href":"https:\/\/laultimapalabra.com.mx\/portal\/wp-json\/wp\/v2\/comments?post=9081"}],"version-history":[{"count":1,"href":"https:\/\/laultimapalabra.com.mx\/portal\/wp-json\/wp\/v2\/posts\/9081\/revisions"}],"predecessor-version":[{"id":67837,"href":"https:\/\/laultimapalabra.com.mx\/portal\/wp-json\/wp\/v2\/posts\/9081\/revisions\/67837"}],"wp:featuredmedia":[{"embeddable":true,"href":"https:\/\/laultimapalabra.com.mx\/portal\/wp-json\/"}],"wp:attachment":[{"href":"https:\/\/laultimapalabra.com.mx\/portal\/wp-json\/wp\/v2\/media?parent=9081"}],"wp:term":[{"taxonomy":"category","embeddable":true,"href":"https:\/\/laultimapalabra.com.mx\/portal\/wp-json\/wp\/v2\/categories?post=9081"},{"taxonomy":"post_tag","embeddable":true,"href":"https:\/\/laultimapalabra.com.mx\/portal\/wp-json\/wp\/v2\/tags?post=9081"}],"curies":[{"name":"wp","href":"https:\/\/api.w.org\/{rel}","templated":true}]}}