                       {"id":9085,"date":"2019-07-18T13:30:43","date_gmt":"2019-07-18T18:30:43","guid":{"rendered":"http:\/\/laultimapalabra.info\/?p=9085"},"modified":"2024-12-11T08:56:01","modified_gmt":"2024-12-11T14:56:01","slug":"eligen-en-la-nueva-cadereyta-comite-de-participacion-ciudadana","status":"publish","type":"post","link":"https:\/\/laultimapalabra.com.mx\/portal\/eligen-en-la-nueva-cadereyta-comite-de-participacion-ciudadana\/","title":{"rendered":"Eligen en la Nueva Cadereyta, Comit\u00e9 de Participaci\u00f3n Ciudadana"},"content":{"rendered":"<p style=\"text-align: justify;\"><img loading=\"lazy\" decoding=\"async\" class=\"size-medium wp-image-9087 alignleft\" src=\"https:\/\/laultimapalabra.com.mx\/portal\/wp-content\/uploads\/2019\/07\/d3b69c22-851b-4595-a06b-c34f41227181-300x200.jpg\" alt=\"\" width=\"300\" height=\"200\" \/>CADEREYTA JIM\u00c9NEZ, N.L.-<br \/>\nUn nuevo Comit\u00e9 Ciudadano tom\u00f3 protesta ante las autoridades municipales, como el grupo enlace de la colonia Nueva Cadereyta con el Municipio.<br \/>\nLa directora de Participaci\u00f3n Ciudadana, licenciada M\u00f3nica Trevi\u00f1o Sada, present\u00f3 a los vecinos que se congregaron en la calle Juan Carrillo, frente a la escuela Juan Rend\u00f3n en la colonia antes mencionada, con las autoridades, encabezadas por el alcalde Ernesto Jos\u00e9 Quintanilla Villarreal.<br \/>\nAl edil lo acompa\u00f1aban secretarios, directores de su administraci\u00f3n para realizar un compromiso con los vecinos de ese sector.<br \/>\nLa cita fue el martes 16 de julio a las 19:00 horas, cuando los mismos habitantes del lugar, propusieron a los candidatos para que formaran parte del comit\u00e9 de Participaci\u00f3n Ciudadana n\u00famero 20.<br \/>\nA los presentes se les dio un papel para que apuntaran el nombre de su candidato y fue as\u00ed como se eligi\u00f3 al comit\u00e9 ciudadano que es encabezado por el se\u00f1or Rafael Salinas Rodr\u00edguez, quien fue electo como presidente.<br \/>\n\u201cVamos a llegar a todas las colonias de Cadereyta, Quiero felicitarlos porque la misma ciudadan\u00eda eligi\u00f3 a su presidente, a su secretario y a sus vocales que va a estar con Participaci\u00f3n Ciudadana del Municipio, para estar tratando todos los temas de la colonia Nueva Cadereyta\u201d, expres\u00f3 el alcalde.<br \/>\nAgreg\u00f3 que hab\u00eda hecho compromiso con los vecinos, que en un mes van a estar iluminando todas las luminarias de la colonia.<br \/>\n\u201cAhorita hay 73 luminarias apagadas, de aqu\u00ed al 15 de agosto aproximadamente, deben estar prendidas la totalidad de las luminarias\u201d, sentenci\u00f3 Quintanilla Villarreal.<\/p>\n","protected":false},"excerpt":{"rendered":"<p>CADEREYTA JIM\u00c9NEZ, N.L.- Un nuevo Comit\u00e9 Ciudadano tom\u00f3 protesta ante las autoridades municipales, como el grupo enlace de la colonia Nueva Cadereyta con el Municipio. La directora de Participaci\u00f3n Ciudadana, licenciada M\u00f3nica Trevi\u00f1o Sada, present\u00f3 a los vecinos que se congregaron en la calle Juan Carrillo, frente a la escuela Juan Rend\u00f3n en la colonia [&hellip;]<\/p>\n","protected":false},"author":9,"featured_media":9086,"comment_status":"open","ping_status":"closed","sticky":false,"template":"","format":"standard","meta":{"footnotes":""},"categories":[17],"tags":[665,990],"class_list":["post-9085","post","type-post","status-publish","format-standard","has-post-thumbnail","hentry","category-locales-cadereyta","tag-comites-ciudadanos-cadereyta","tag-ernesto-quintanilla"],"_links":{"self":[{"href":"https:\/\/laultimapalabra.com.mx\/portal\/wp-json\/wp\/v2\/posts\/9085","targetHints":{"allow":["GET"]}}],"collection":[{"href":"https:\/\/laultimapalabra.com.mx\/portal\/wp-json\/wp\/v2\/posts"}],"about":[{"href":"https:\/\/laultimapalabra.com.mx\/portal\/wp-json\/wp\/v2\/types\/post"}],"author":[{"embeddable":true,"href":"https:\/\/laultimapalabra.com.mx\/portal\/wp-json\/wp\/v2\/users\/9"}],"replies":[{"embeddable":true,"href":"https:\/\/laultimapalabra.com.mx\/portal\/wp-json\/wp\/v2\/comments?post=9085"}],"version-history":[{"count":1,"href":"https:\/\/laultimapalabra.com.mx\/portal\/wp-json\/wp\/v2\/posts\/9085\/revisions"}],"predecessor-version":[{"id":67839,"href":"https:\/\/laultimapalabra.com.mx\/portal\/wp-json\/wp\/v2\/posts\/9085\/revisions\/67839"}],"wp:featuredmedia":[{"embeddable":true,"href":"https:\/\/laultimapalabra.com.mx\/portal\/wp-json\/"}],"wp:attachment":[{"href":"https:\/\/laultimapalabra.com.mx\/portal\/wp-json\/wp\/v2\/media?parent=9085"}],"wp:term":[{"taxonomy":"category","embeddable":true,"href":"https:\/\/laultimapalabra.com.mx\/portal\/wp-json\/wp\/v2\/categories?post=9085"},{"taxonomy":"post_tag","embeddable":true,"href":"https:\/\/laultimapalabra.com.mx\/portal\/wp-json\/wp\/v2\/tags?post=9085"}],"curies":[{"name":"wp","href":"https:\/\/api.w.org\/{rel}","templated":true}]}}