                       {"id":9098,"date":"2019-07-18T13:40:14","date_gmt":"2019-07-18T18:40:14","guid":{"rendered":"http:\/\/laultimapalabra.info\/?p=9098"},"modified":"2024-12-11T08:56:01","modified_gmt":"2024-12-11T14:56:01","slug":"elige-pan-nuevo-lider","status":"publish","type":"post","link":"https:\/\/laultimapalabra.com.mx\/portal\/elige-pan-nuevo-lider\/","title":{"rendered":"Elige PAN nuevo l\u00edder"},"content":{"rendered":"<p style=\"text-align: justify;\">*Alberto Aguilar es electo presidente del PAN jimenense, despu\u00e9s de una elecci\u00f3n de unidad.<\/p>\n<p style=\"text-align: justify;\"><img loading=\"lazy\" decoding=\"async\" class=\"size-medium wp-image-9099 alignright\" src=\"https:\/\/laultimapalabra.com.mx\/portal\/wp-content\/uploads\/2019\/07\/8c3853dd-6002-4e32-a972-a76f55942b57-300x200.jpg\" alt=\"\" width=\"300\" height=\"200\" \/>Miguel Oscar P\u00e9rez<br \/>\nCADEREYTA JIM\u00c9NEZ, N.L.-<br \/>\nDesde el pasado domingo 14 de julio, Alberto Aguilar Hern\u00e1ndez se convirti\u00f3 en el nuevo dirigente del Comit\u00e9 Municipal del Partido Acci\u00f3n Nacional, al ser electo junto con su planilla como aspirante de unidad.<br \/>\nEl proceso de elecci\u00f3n inici\u00f3 a las 11:00 de la ma\u00f1ana en un sal\u00f3n de evento ubicado en Capit\u00e1n Alonso de Le\u00f3n y Gonzalitos, donde se dieron cita los militantes del albiazul.<br \/>\nLa planilla que encabeza Alberto Aguilar, est\u00e1 formada por Karla Alejandra Cant\u00fa Garc\u00eda, Emma Lucero Garza Garc\u00eda, Pedro Rinc\u00f3n de Le\u00f3n, Edgar Emmanuel Rodr\u00edguez Herrera y Guadalupe Antonia Silva N\u00fa\u00f1ez.<br \/>\nEl electo presidente que ser\u00e1 ratificado por el Comit\u00e9 Ejecutivo Estatal, dijo en su discurso que su partido estaba de pie de nueva cuenta, fortalecido por su membres\u00eda que es su mayor riqueza.<br \/>\n\u201cEs justo reconocer que nos vimos apabullados en la elecci\u00f3n municipal pasada, como tambi\u00e9n es de reconocer, aceptar que a\u00fan se cree en Acci\u00f3n Nacional como un partido que enfrenta los retos y lo vimos en las elecciones recientes\u2026\u201d, destac\u00f3.<br \/>\nSe pronunci\u00f3 por un PAN municipal unido y en sinergia con el CEE, para afrontar los nuevos retos.<br \/>\nDijo buscar una unidad dentro del partido y una mejor capacitaci\u00f3n para el servicio y que con ello se buscar\u00e1 a los mejores hombres que conformen las planillas de s\u00edndicos y regidores.<br \/>\n\u201c\u2026Gestionar una mayor capacitaci\u00f3n para los miembros para que est\u00e9n aptos y con bases aspiren al gobierno. Nos formaremos, nos capacitaremos y seremos mejores servidores para nuestro pueblo\u201d, finaliz\u00f3.<br \/>\nAl final del evento, Aguilar Hern\u00e1ndez recibi\u00f3 el espaldarazo de la membres\u00eda y las felicitaciones de los integrantes de Acci\u00f3n Nacional de Cadereyta.<\/p>\n","protected":false},"excerpt":{"rendered":"<p>*Alberto Aguilar es electo presidente del PAN jimenense, despu\u00e9s de una elecci\u00f3n de unidad. Miguel Oscar P\u00e9rez CADEREYTA JIM\u00c9NEZ, N.L.- Desde el pasado domingo 14 de julio, Alberto Aguilar Hern\u00e1ndez se convirti\u00f3 en el nuevo dirigente del Comit\u00e9 Municipal del Partido Acci\u00f3n Nacional, al ser electo junto con su planilla como aspirante de unidad. El [&hellip;]<\/p>\n","protected":false},"author":9,"featured_media":9100,"comment_status":"open","ping_status":"closed","sticky":false,"template":"","format":"standard","meta":{"footnotes":""},"categories":[17],"tags":[82,507,1692],"class_list":["post-9098","post","type-post","status-publish","format-standard","has-post-thumbnail","hentry","category-locales-cadereyta","tag-alberto-aguilar","tag-cdm-pan-cadereyta","tag-pan-cadereyta"],"_links":{"self":[{"href":"https:\/\/laultimapalabra.com.mx\/portal\/wp-json\/wp\/v2\/posts\/9098","targetHints":{"allow":["GET"]}}],"collection":[{"href":"https:\/\/laultimapalabra.com.mx\/portal\/wp-json\/wp\/v2\/posts"}],"about":[{"href":"https:\/\/laultimapalabra.com.mx\/portal\/wp-json\/wp\/v2\/types\/post"}],"author":[{"embeddable":true,"href":"https:\/\/laultimapalabra.com.mx\/portal\/wp-json\/wp\/v2\/users\/9"}],"replies":[{"embeddable":true,"href":"https:\/\/laultimapalabra.com.mx\/portal\/wp-json\/wp\/v2\/comments?post=9098"}],"version-history":[{"count":1,"href":"https:\/\/laultimapalabra.com.mx\/portal\/wp-json\/wp\/v2\/posts\/9098\/revisions"}],"predecessor-version":[{"id":67847,"href":"https:\/\/laultimapalabra.com.mx\/portal\/wp-json\/wp\/v2\/posts\/9098\/revisions\/67847"}],"wp:featuredmedia":[{"embeddable":true,"href":"https:\/\/laultimapalabra.com.mx\/portal\/wp-json\/"}],"wp:attachment":[{"href":"https:\/\/laultimapalabra.com.mx\/portal\/wp-json\/wp\/v2\/media?parent=9098"}],"wp:term":[{"taxonomy":"category","embeddable":true,"href":"https:\/\/laultimapalabra.com.mx\/portal\/wp-json\/wp\/v2\/categories?post=9098"},{"taxonomy":"post_tag","embeddable":true,"href":"https:\/\/laultimapalabra.com.mx\/portal\/wp-json\/wp\/v2\/tags?post=9098"}],"curies":[{"name":"wp","href":"https:\/\/api.w.org\/{rel}","templated":true}]}}