                       {"id":9104,"date":"2019-07-18T20:24:57","date_gmt":"2019-07-19T01:24:57","guid":{"rendered":"http:\/\/laultimapalabra.info\/?p=9104"},"modified":"2024-12-11T08:56:01","modified_gmt":"2024-12-11T14:56:01","slug":"el-quemador-73","status":"publish","type":"post","link":"https:\/\/laultimapalabra.com.mx\/portal\/el-quemador-73\/","title":{"rendered":"El Quemador"},"content":{"rendered":"<p><img loading=\"lazy\" decoding=\"async\" class=\"size-medium wp-image-159 alignleft\" src=\"https:\/\/laultimapalabra.com.mx\/portal\/wp-content\/uploads\/2018\/02\/Banner-Caliente-copia-300x171.jpg\" alt=\"\" width=\"300\" height=\"171\" \/>Por: El Repre<\/p>\n<p style=\"text-align: justify;\">BUENAS NOTICIAS<br \/>\nIniciamos esta columneja cont\u00e1ndoles que lo que hasta ahorita se escucha en cuanto a los trabajos de la revisi\u00f3n contractual y salarial que llevan a cabo en la ciudad de M\u00e9xico Sindicato y Empresa van viento en popa\u2026la cosa suena bien para todos compitas, se escuchan buenas noticias\u2026que as\u00ed sea!!<br \/>\nLA CHONG<br \/>\nDel Hospital nos cuentan que en el servicio de enfermer\u00eda se respiran aires de paz y tranquilidad, pues la Juana Chong se fue jubilada\u2026 se fue con muchos recordatorios maternales detr\u00e1s de ella por cierto\u2026ahora las enfermeras ya no se sienten maltratadas y acosadas como lo estaban con la canina de Chong\u2026gracias a Dios se fue la madre de todos los males en el \u00e1rea de enfermer\u00eda!!<br \/>\nDESEOS<br \/>\nPero bueno, no hay que ser tan maloras con la gente amargada y bipolar como la Chong, y si ella se empe\u00f1\u00f3 en hacer el mal a cuantas compa\u00f1eras pudo pues ya ser\u00e1 problema de ella, porque d\u00e9jenos decirles que todo se paga en esta vida\u2026que le vaya bien a la Chong en su nueva etapa como jubilada\u2026pero eso s\u00ed, que no vuelva jam\u00e1s!!<br \/>\nZARAGOZA<br \/>\nNos dicen que la que se puso toda loca despu\u00e9s de leernos la semana pasada fue la pecosita de la Judy Zaragoza\u2026eso s\u00ed, para disimular p\u00fablico en su Facebook frases que minimizan la quemada, pero que evidenciaban su ardor por lo que se dijo de ella\u2026por cierto una disculpa por burlarnos de su voz\u2026porque m\u00e1s peor que su voz son sus desplantes y malos tratos con la gente\u2026p\u00f3ngase a jalar Judith!!<br \/>\nCENDI<br \/>\nY ya que andamos por el rumbo, donde nom\u00e1s no se componen las cosas es en el CENDI\u2026pues la que sigue sin entender es la disque coordinadora la tal Iris que les sigue haciendo la vida de cuadritos a muchas Maestras nomas porque le caen mal o no son de su clan\u2026adem\u00e1s sigue con sus aires de grandeza, grit\u00e1ndoles y malmodeandolas enfrente d los ni\u00f1os y de los derechohabientes, que mal, s\u00edganle!!<br \/>\nTIEMPO EXTRA<br \/>\nPor ejemplo la tal Iris tiene un grupo selectivo de \u201camiguis\u201d a las que seguido les pasa el tiempo extra aun sin devengarlo, nom\u00e1s porque ella quiere, aunque tambi\u00e9n dicen que hasta cuota cobra\u2026en contra parte a las que no quiere les niega el tiempo extra y las trae a puro pan agua nomas porque le da la gana\u2026no se vale!!<br \/>\n\u00bfY LA DIRE?<br \/>\nPues en el CENDI ya son muchos los desplantes y chiflasones que se le permiten a la abusiva de la Iris, y ni quien le diga nada\u2026por cierto la Directora de la instituci\u00f3n parece no importarle la situaci\u00f3n pues para nada se involucra y menos hace por arreglar una pisca del problema\u2026 \u00bfSer\u00e1 que le tiene miedo a la Iris? \u00bfSer\u00e1 que la Iris es qui\u00e9n verdaderamente dirige al CENDI? \u00bfO ser\u00e1 que de plano la Directora es un cero a la izquierda?&#8230;pues ser\u00e1 el sereno, pero si Belencita no se aplica el CENDI pronto ardera como Troya!!<br \/>\nMAL EJEMPLO<br \/>\nPues que pena con todo esto que pasa en el CENDI, que siendo una de las mejores instituciones educativas del Pa\u00eds se tenga que vivir todo este tipo de situaciones ente el personal que labora en el CENDI Cadereyta\u2026y todo por dos mentes incompetentes como las de la Iris y Bel\u00e9n, una enferma de poder y la otra sin saberlo usar\u2026que verg\u00fcenza la verdad, ojala pronto les pongan un alto!!<br \/>\nROMANCE<br \/>\nDel Taller Mec\u00e1nico nos volvi\u00f3 a caer informaci\u00f3n y cr\u00e9anlo que viene algo pesadita para unos cuantos\u2026de entrada nos dicen que ya el romance entre el Vikingo Guerrero y la Cristian quedo atr\u00e1s\u2026ahora esa categor\u00eda le pertenece ni m\u00e1s ni menos que a la nueva parejita de Juan Bolas y la Luz\u2026m\u00edralos, qui\u00e9n los viera al par de tortolitos, s\u00edganle!!<br \/>\nNI EL SOL<br \/>\nNos dicen que es tanto el amor que se tienen, que en todas partes se les ve ech\u00e1ndose unas miradas de esas que echan fuego\u2026con decirles que el Bolas no permite que su a linda Lucecita le d\u00e9 el sol, mucho menos que sus piececitos toquen el piso, pues le tiene todo el d\u00eda a su disposici\u00f3n la camioneta del Taller, la que la empresa proporciona para trasladar a los trabajadores pero que el Bolas usa para pasear a la Luz y echar el novio con ella\u2026ah, pillines!!<br \/>\nArrivederchi!!<\/p>\n","protected":false},"excerpt":{"rendered":"<p>Por: El Repre BUENAS NOTICIAS Iniciamos esta columneja cont\u00e1ndoles que lo que hasta ahorita se escucha en cuanto a los trabajos de la revisi\u00f3n contractual y salarial que llevan a cabo en la ciudad de M\u00e9xico Sindicato y Empresa van viento en popa\u2026la cosa suena bien para todos compitas, se escuchan buenas noticias\u2026que as\u00ed sea!! [&hellip;]<\/p>\n","protected":false},"author":9,"featured_media":159,"comment_status":"open","ping_status":"closed","sticky":false,"template":"","format":"standard","meta":{"footnotes":""},"categories":[1],"tags":[944],"class_list":["post-9104","post","type-post","status-publish","format-standard","has-post-thumbnail","hentry","category-noticias","tag-el-repre-el-quemador"],"_links":{"self":[{"href":"https:\/\/laultimapalabra.com.mx\/portal\/wp-json\/wp\/v2\/posts\/9104","targetHints":{"allow":["GET"]}}],"collection":[{"href":"https:\/\/laultimapalabra.com.mx\/portal\/wp-json\/wp\/v2\/posts"}],"about":[{"href":"https:\/\/laultimapalabra.com.mx\/portal\/wp-json\/wp\/v2\/types\/post"}],"author":[{"embeddable":true,"href":"https:\/\/laultimapalabra.com.mx\/portal\/wp-json\/wp\/v2\/users\/9"}],"replies":[{"embeddable":true,"href":"https:\/\/laultimapalabra.com.mx\/portal\/wp-json\/wp\/v2\/comments?post=9104"}],"version-history":[{"count":1,"href":"https:\/\/laultimapalabra.com.mx\/portal\/wp-json\/wp\/v2\/posts\/9104\/revisions"}],"predecessor-version":[{"id":67851,"href":"https:\/\/laultimapalabra.com.mx\/portal\/wp-json\/wp\/v2\/posts\/9104\/revisions\/67851"}],"wp:featuredmedia":[{"embeddable":true,"href":"https:\/\/laultimapalabra.com.mx\/portal\/wp-json\/"}],"wp:attachment":[{"href":"https:\/\/laultimapalabra.com.mx\/portal\/wp-json\/wp\/v2\/media?parent=9104"}],"wp:term":[{"taxonomy":"category","embeddable":true,"href":"https:\/\/laultimapalabra.com.mx\/portal\/wp-json\/wp\/v2\/categories?post=9104"},{"taxonomy":"post_tag","embeddable":true,"href":"https:\/\/laultimapalabra.com.mx\/portal\/wp-json\/wp\/v2\/tags?post=9104"}],"curies":[{"name":"wp","href":"https:\/\/api.w.org\/{rel}","templated":true}]}}