                       {"id":9108,"date":"2019-07-18T20:26:22","date_gmt":"2019-07-19T01:26:22","guid":{"rendered":"http:\/\/laultimapalabra.info\/?p=9108"},"modified":"2024-12-11T08:56:01","modified_gmt":"2024-12-11T14:56:01","slug":"usted-tiene-la-ultima-palabra-71","status":"publish","type":"post","link":"https:\/\/laultimapalabra.com.mx\/portal\/usted-tiene-la-ultima-palabra-71\/","title":{"rendered":"Usted tiene&#8230; La \u00daltima Palabra"},"content":{"rendered":"<p style=\"text-align: justify;\"><strong>26<img loading=\"lazy\" decoding=\"async\" class=\"size-medium wp-image-390 alignleft\" src=\"https:\/\/laultimapalabra.com.mx\/portal\/wp-content\/uploads\/2018\/02\/28169846_1705449459476714_78449556_o-203x300.jpg\" alt=\"\" width=\"203\" height=\"300\" \/>Baja California<\/strong><\/p>\n<p>Por: Ing. Jes\u00fas Herrera R\u00e1bago<\/p>\n<p style=\"text-align: justify;\">Uno de los principales ataques al Presidente Andr\u00e9s Manuel, desde su campa\u00f1a, fue que buscar\u00eda la reelecci\u00f3n para continuar en el poder, como ha sucedido con muchos presidentes latinoamericanos que, cambiando las leyes, han logrado continuar sus mandatos cayendo en dictaduras disfrazadas de democracia.<br \/>\nUna y otra vez AMLO ha dicho que no busca reelegirse, ni es su intenci\u00f3n mantenerse como Presidente despu\u00e9s del tiempo que manda la Constituci\u00f3n, sin embargo, la duda de los enemigos persiste, y no falta la oportunidad para record\u00e1rselo a los ciudadanos, como algo latente y real.<br \/>\nComo solemos decir: \u201cse alborot\u00f3 el avispero\u201d, con la reforma constitucional que realizaron los legisladores del Congreso de Baja California, el 08 de julio pasado, con el cual el Gobernador que fue electo para un periodo de 2 a\u00f1os, estar\u00e1 5.<br \/>\nEl argumento es que un periodo de 2 a\u00f1os representar\u00eda \u201cun gasto sustancial para el erario\u201d, mientras que un mandato de 5 a\u00f1os beneficiar\u00eda a la econom\u00eda local. Independientemente de los beneficios que podr\u00eda traer dicha reforma, el caso es que va directamente contra el principio fundamental de la democracia de respetar el mandato del pueblo, y los electores eligieron a su gobernador para dos a\u00f1os, y punto.<br \/>\nEl voto del ciudadano se anula, pues existe enga\u00f1o al momento de votar, pues su sufragio fue bajo ciertas condiciones que en ese momento se le presentaron, quiz\u00e1 si le hubieran dicho que era cinco a\u00f1os, su decisi\u00f3n pudo ser diferente.<br \/>\nIndependientemente el atropello legal y constitucional, al puro estilo de las peores dictaduras, el tema es que a nivel Nacional, a los enemigos de AMLO le ha servido para decir que lo mismo har\u00e1n los legisladores federales en el 2024, para que \u00e9ste siga en el poder, lo cual, quer\u00e1moslo o no, deja la duda fundada.<br \/>\nEs cierto que esa reforma fue respaldada por los tres legisladores locales de Morena, pero nadie puede negar que fue operada por la mayor\u00eda panista, pues sin ellos no pasaba. Obvio que detr\u00e1s pudo haber una negociaci\u00f3n en la que lo m\u00e1s probable los panistas ganaban mucho.<br \/>\nOtra vez Andr\u00e9s Manuel est\u00e1 siendo puesto a prueba, y aunque en sentido estricto es un tema legislativo, y no del ejecutivo; es muy necesario que su partido no lo deje pasar pues el m\u00e1s afectado ser\u00eda el propio mandatario.<br \/>\nPor lo mismo, la diputada morenista Tatiana Clouthier, inmediatamente se manifest\u00f3 en contra y junto con legisladores de ocho grupos parlamentarios, la Comisi\u00f3n Permanente del Congreso, exhort\u00f3 a dejar sin efecto la reforma antes mencionada.<br \/>\nAs\u00ed las cosas, el Gobernador no se debi\u00f3 prestar a este juego, pues no debe olvidar que Andr\u00e9s Manuel ha bateado a amigos m\u00e1s cercanos, como es el caso de su compadre Miguel Rinc\u00f3n que gan\u00f3 la licitaci\u00f3n del papel para los libros de texto, y el Presidente la tumb\u00f3; o al mismo s\u00faper delegado de Jalisco, Carlos Lomel\u00ed, que lo destituy\u00f3. Por su bien AMLO, tendr\u00e1 que apoyar y decir: \u201cPa\u00b4 tr\u00e1s los filders\u201d.<br \/>\nEsta es mi opini\u00f3n, usted tiene La \u00daltima Palabra.<\/p>\n","protected":false},"excerpt":{"rendered":"<p>26Baja California Por: Ing. Jes\u00fas Herrera R\u00e1bago Uno de los principales ataques al Presidente Andr\u00e9s Manuel, desde su campa\u00f1a, fue que buscar\u00eda la reelecci\u00f3n para continuar en el poder, como ha sucedido con muchos presidentes latinoamericanos que, cambiando las leyes, han logrado continuar sus mandatos cayendo en dictaduras disfrazadas de democracia. Una y otra vez [&hellip;]<\/p>\n","protected":false},"author":9,"featured_media":390,"comment_status":"open","ping_status":"closed","sticky":false,"template":"","format":"standard","meta":{"footnotes":""},"categories":[1],"tags":[1278],"class_list":["post-9108","post","type-post","status-publish","format-standard","has-post-thumbnail","hentry","category-noticias","tag-ing-jesus-herrera-rabago"],"_links":{"self":[{"href":"https:\/\/laultimapalabra.com.mx\/portal\/wp-json\/wp\/v2\/posts\/9108","targetHints":{"allow":["GET"]}}],"collection":[{"href":"https:\/\/laultimapalabra.com.mx\/portal\/wp-json\/wp\/v2\/posts"}],"about":[{"href":"https:\/\/laultimapalabra.com.mx\/portal\/wp-json\/wp\/v2\/types\/post"}],"author":[{"embeddable":true,"href":"https:\/\/laultimapalabra.com.mx\/portal\/wp-json\/wp\/v2\/users\/9"}],"replies":[{"embeddable":true,"href":"https:\/\/laultimapalabra.com.mx\/portal\/wp-json\/wp\/v2\/comments?post=9108"}],"version-history":[{"count":1,"href":"https:\/\/laultimapalabra.com.mx\/portal\/wp-json\/wp\/v2\/posts\/9108\/revisions"}],"predecessor-version":[{"id":67855,"href":"https:\/\/laultimapalabra.com.mx\/portal\/wp-json\/wp\/v2\/posts\/9108\/revisions\/67855"}],"wp:featuredmedia":[{"embeddable":true,"href":"https:\/\/laultimapalabra.com.mx\/portal\/wp-json\/"}],"wp:attachment":[{"href":"https:\/\/laultimapalabra.com.mx\/portal\/wp-json\/wp\/v2\/media?parent=9108"}],"wp:term":[{"taxonomy":"category","embeddable":true,"href":"https:\/\/laultimapalabra.com.mx\/portal\/wp-json\/wp\/v2\/categories?post=9108"},{"taxonomy":"post_tag","embeddable":true,"href":"https:\/\/laultimapalabra.com.mx\/portal\/wp-json\/wp\/v2\/tags?post=9108"}],"curies":[{"name":"wp","href":"https:\/\/api.w.org\/{rel}","templated":true}]}}