                       {"id":9169,"date":"2019-07-21T14:12:20","date_gmt":"2019-07-21T19:12:20","guid":{"rendered":"http:\/\/laultimapalabra.info\/?p=9169"},"modified":"2024-12-11T08:56:02","modified_gmt":"2024-12-11T14:56:02","slug":"realiza-servicios-de-emergencia-cadereyta-simulacro-en-mi-pequeno-bebe","status":"publish","type":"post","link":"https:\/\/laultimapalabra.com.mx\/portal\/realiza-servicios-de-emergencia-cadereyta-simulacro-en-mi-pequeno-bebe\/","title":{"rendered":"Realiza Servicios de Emergencia Cadereyta simulacro en Mi Peque\u00f1o Beb\u00e9"},"content":{"rendered":"<p style=\"text-align: justify;\"><img loading=\"lazy\" decoding=\"async\" class=\"size-medium wp-image-9170 alignleft\" src=\"https:\/\/laultimapalabra.com.mx\/portal\/wp-content\/uploads\/2019\/07\/67103154_2476532252391636_2813091892550434816_n-300x184.jpg\" alt=\"\" width=\"300\" height=\"184\" \/> Cadereyta Jim\u00e9nez, N.L.- Servicios de Emergencias Cadereyta, realiz\u00f3 unn simulacro de incendio en la guarder\u00eda Mi Peque\u00f1o Beb\u00e9 donde participaron decenas de ni\u00f1as y ni\u00f1os, personal que labora en dicha estancia y elementos de Protecci\u00f3n Civil, Bomberos y Cruz Verde.<br \/>\n<img loading=\"lazy\" decoding=\"async\" class=\"size-medium wp-image-9172 alignright\" src=\"https:\/\/laultimapalabra.com.mx\/portal\/wp-content\/uploads\/2019\/07\/67542223_2476532055724989_7362228038798409728_n-300x214.jpg\" alt=\"\" width=\"300\" height=\"214\" \/>Las maniobras se realizaron el pasado martes 16 de julio en la Guarder\u00eda \u201cMi Peque\u00f1o Bebe\u201d que est\u00e1 ubicada en la zona centro de Cadereyta.<br \/>\nGuillermo de Le\u00f3n Delgado, Director de Servicios de Emergencias, atendi\u00f3 y supervis\u00f3 los movimientos por parte de las distintas corporaciones, dando como resultado cero accidentes en dicho simulacro.<br \/>\nAgreg\u00f3 que estas acciones son muy buenas para prevenir y estar alertas en caso de presentarse alg\u00fan evento.<\/p>\n","protected":false},"excerpt":{"rendered":"<p>Cadereyta Jim\u00e9nez, N.L.- Servicios de Emergencias Cadereyta, realiz\u00f3 unn simulacro de incendio en la guarder\u00eda Mi Peque\u00f1o Beb\u00e9 donde participaron decenas de ni\u00f1as y ni\u00f1os, personal que labora en dicha estancia y elementos de Protecci\u00f3n Civil, Bomberos y Cruz Verde. Las maniobras se realizaron el pasado martes 16 de julio en la Guarder\u00eda \u201cMi Peque\u00f1o [&hellip;]<\/p>\n","protected":false},"author":9,"featured_media":9171,"comment_status":"open","ping_status":"closed","sticky":false,"template":"","format":"standard","meta":{"footnotes":""},"categories":[17,8,9],"tags":[1167,1173,1748,2136],"class_list":["post-9169","post","type-post","status-publish","format-standard","has-post-thumbnail","hentry","category-locales-cadereyta","category-seguridad","category-seguridad-cadereyta","tag-guarderia-mi-pequeno-bebe","tag-guillermo-delgado","tag-pc-cadereyta","tag-servicios-de-emergencias-cadereyta"],"_links":{"self":[{"href":"https:\/\/laultimapalabra.com.mx\/portal\/wp-json\/wp\/v2\/posts\/9169","targetHints":{"allow":["GET"]}}],"collection":[{"href":"https:\/\/laultimapalabra.com.mx\/portal\/wp-json\/wp\/v2\/posts"}],"about":[{"href":"https:\/\/laultimapalabra.com.mx\/portal\/wp-json\/wp\/v2\/types\/post"}],"author":[{"embeddable":true,"href":"https:\/\/laultimapalabra.com.mx\/portal\/wp-json\/wp\/v2\/users\/9"}],"replies":[{"embeddable":true,"href":"https:\/\/laultimapalabra.com.mx\/portal\/wp-json\/wp\/v2\/comments?post=9169"}],"version-history":[{"count":1,"href":"https:\/\/laultimapalabra.com.mx\/portal\/wp-json\/wp\/v2\/posts\/9169\/revisions"}],"predecessor-version":[{"id":67883,"href":"https:\/\/laultimapalabra.com.mx\/portal\/wp-json\/wp\/v2\/posts\/9169\/revisions\/67883"}],"wp:featuredmedia":[{"embeddable":true,"href":"https:\/\/laultimapalabra.com.mx\/portal\/wp-json\/"}],"wp:attachment":[{"href":"https:\/\/laultimapalabra.com.mx\/portal\/wp-json\/wp\/v2\/media?parent=9169"}],"wp:term":[{"taxonomy":"category","embeddable":true,"href":"https:\/\/laultimapalabra.com.mx\/portal\/wp-json\/wp\/v2\/categories?post=9169"},{"taxonomy":"post_tag","embeddable":true,"href":"https:\/\/laultimapalabra.com.mx\/portal\/wp-json\/wp\/v2\/tags?post=9169"}],"curies":[{"name":"wp","href":"https:\/\/api.w.org\/{rel}","templated":true}]}}