                       {"id":9205,"date":"2019-07-24T12:02:41","date_gmt":"2019-07-24T17:02:41","guid":{"rendered":"http:\/\/laultimapalabra.info\/?p=9205"},"modified":"2024-12-11T08:56:03","modified_gmt":"2024-12-11T14:56:03","slug":"mandan-llamar-a-alcaldes-de-juarez-y-cadereyta-tomaran-medidas-drasticas","status":"publish","type":"post","link":"https:\/\/laultimapalabra.com.mx\/portal\/mandan-llamar-a-alcaldes-de-juarez-y-cadereyta-tomaran-medidas-drasticas\/","title":{"rendered":"Mandan llamar a alcaldes de Ju\u00e1rez y Cadereyta; tomar\u00e1n medidas &#8216;dr\u00e1sticas&#8217;"},"content":{"rendered":"<p style=\"text-align: justify;\">Manuel Gonz\u00e1lez, secretario general de Gobierno, inform\u00f3 que ya se han convocado a los alcaldes y otras autoridades del estado para combatir la inseguridad que se vive en los municipios.<\/p>\n<p style=\"text-align: justify;\"><img loading=\"lazy\" decoding=\"async\" class=\"size-medium wp-image-9206 alignleft\" src=\"https:\/\/laultimapalabra.com.mx\/portal\/wp-content\/uploads\/2019\/07\/manuel-gonzalez-flores-secretario-gobierno-3-300x187.jpeg\" alt=\"\" width=\"300\" height=\"187\" \/>Monterrey \/ 24.07.2019 11:39:16<br \/>\nAnte el temor que viven los vecinos y comerciantes por la ola de inseguridad en los municipios de Ju\u00e1rez y Cadereyta, el Gobierno del Estado mand\u00f3 llamar a los alcaldes de ambas entidades para reforzar los operativos de seguridad, que hasta el momento no han logrado bajar los cr\u00edmenes y delitos.<\/p>\n<p style=\"text-align: justify;\">En entrevista, el secretario general de Gobierno, Manuel Gonz\u00e1lez coment\u00f3 que en la reuni\u00f3n tambi\u00e9n se llam\u00f3 al comandante de la S\u00e9ptima Zona Militar, el general Carlos C\u00e9sar G\u00f3mez L\u00f3pez, as\u00ed como al fiscal general, Gustavo Adolfo Guerrero, en donde adelant\u00f3 que tomar\u00e1n medidas &#8220;dr\u00e1sticas&#8221;.<\/p>\n<p style=\"text-align: justify;\">\u200b&#8221;He recibido instrucciones de convocar en este momento a los se\u00f1ores presidentes municipales de Ju\u00e1rez y Cadereyta. Tomaremos medidas todav\u00eda m\u00e1s extremas en coordinaci\u00f3n con ellos y en unas horas m\u00e1s se las podr\u00e9 estar anunciando.<br \/>\n&#8220;Est\u00e1n convocados para reunirse junto con el general C\u00e9sar G\u00f3mez, jefe de la S\u00e9ptima Zona Militar y con Gustavo Adolfo Guerrero, fiscal general del Estado, adem\u00e1s del secretario de Seguridad del Estado, para tomar otras medidas todav\u00eda m\u00e1s dr\u00e1sticas&#8221;, dijo.<\/p>\n<p style=\"text-align: justify;\">Pese al miedo y temor de la ciudadan\u00eda por los ataques a las corporaciones polic\u00edacas, as\u00ed como la cantidad de muertes violentas que se han generado, el funcionario estatal descart\u00f3 que la situaci\u00f3n est\u00e9 fuera de control en ambas regiones.<\/p>\n<p style=\"text-align: justify;\">&#8220;No, no se sale de control (la situaci\u00f3n de seguridad), pero necesitamos ir con m\u00e1s fuerza y terminar con todo esto que est\u00e1 sucediendo, y lo haremos con toda la contundencia&#8221;, refiri\u00f3.<br \/>\nDe igual forma, asegur\u00f3 que siempre han estado preparados para este tipo de escenarios.<\/p>\n<p style=\"text-align: justify;\">Pese a que ya han tenido intervenciones en varias polic\u00edas municipales, entre ellas la de Cadereyta, Manuel Gonz\u00e1lez coment\u00f3 que se encuentran analizando las medidas a tomar.<\/p>\n<p style=\"text-align: justify;\">fuente: Milenio<\/p>\n","protected":false},"excerpt":{"rendered":"<p>Manuel Gonz\u00e1lez, secretario general de Gobierno, inform\u00f3 que ya se han convocado a los alcaldes y otras autoridades del estado para combatir la inseguridad que se vive en los municipios. Monterrey \/ 24.07.2019 11:39:16 Ante el temor que viven los vecinos y comerciantes por la ola de inseguridad en los municipios de Ju\u00e1rez y Cadereyta, [&hellip;]<\/p>\n","protected":false},"author":9,"featured_media":9206,"comment_status":"open","ping_status":"closed","sticky":false,"template":"","format":"standard","meta":{"footnotes":""},"categories":[17,18,8,9,10],"tags":[990,1134,1188,1481,2113,2114],"class_list":["post-9205","post","type-post","status-publish","format-standard","has-post-thumbnail","hentry","category-locales-cadereyta","category-locales-juarez","category-seguridad","category-seguridad-cadereyta","category-seguridad-juarez","tag-ernesto-quintanilla","tag-gamaliel-meza","tag-heriberto-trevino-cantu","tag-manuel-gonzalez","tag-seguridad-cadereyta","tag-seguridad-juarez"],"_links":{"self":[{"href":"https:\/\/laultimapalabra.com.mx\/portal\/wp-json\/wp\/v2\/posts\/9205","targetHints":{"allow":["GET"]}}],"collection":[{"href":"https:\/\/laultimapalabra.com.mx\/portal\/wp-json\/wp\/v2\/posts"}],"about":[{"href":"https:\/\/laultimapalabra.com.mx\/portal\/wp-json\/wp\/v2\/types\/post"}],"author":[{"embeddable":true,"href":"https:\/\/laultimapalabra.com.mx\/portal\/wp-json\/wp\/v2\/users\/9"}],"replies":[{"embeddable":true,"href":"https:\/\/laultimapalabra.com.mx\/portal\/wp-json\/wp\/v2\/comments?post=9205"}],"version-history":[{"count":1,"href":"https:\/\/laultimapalabra.com.mx\/portal\/wp-json\/wp\/v2\/posts\/9205\/revisions"}],"predecessor-version":[{"id":67897,"href":"https:\/\/laultimapalabra.com.mx\/portal\/wp-json\/wp\/v2\/posts\/9205\/revisions\/67897"}],"wp:featuredmedia":[{"embeddable":true,"href":"https:\/\/laultimapalabra.com.mx\/portal\/wp-json\/"}],"wp:attachment":[{"href":"https:\/\/laultimapalabra.com.mx\/portal\/wp-json\/wp\/v2\/media?parent=9205"}],"wp:term":[{"taxonomy":"category","embeddable":true,"href":"https:\/\/laultimapalabra.com.mx\/portal\/wp-json\/wp\/v2\/categories?post=9205"},{"taxonomy":"post_tag","embeddable":true,"href":"https:\/\/laultimapalabra.com.mx\/portal\/wp-json\/wp\/v2\/tags?post=9205"}],"curies":[{"name":"wp","href":"https:\/\/api.w.org\/{rel}","templated":true}]}}