                       {"id":9222,"date":"2019-07-25T10:56:48","date_gmt":"2019-07-25T15:56:48","guid":{"rendered":"http:\/\/laultimapalabra.info\/?p=9222"},"modified":"2024-12-11T08:56:03","modified_gmt":"2024-12-11T14:56:03","slug":"firma-amlo-ante-notario-documento-de-no-reeleccion","status":"publish","type":"post","link":"https:\/\/laultimapalabra.com.mx\/portal\/firma-amlo-ante-notario-documento-de-no-reeleccion\/","title":{"rendered":"Firma AMLO ante notario documento de no reelecci\u00f3n"},"content":{"rendered":"<p style=\"text-align: justify;\"><img loading=\"lazy\" decoding=\"async\" class=\"size-medium wp-image-9223 alignright\" src=\"https:\/\/laultimapalabra.com.mx\/portal\/wp-content\/uploads\/2019\/07\/8160413-300x200.jpg\" alt=\"\" width=\"300\" height=\"200\" \/>Cd. de M\u00e9xico (25 julio 2019).- El Presidente Andr\u00e9s Manuel L\u00f3pez Obrador firm\u00f3 este jueves ante notario p\u00fablico el compromiso de no reelegirse, y asegur\u00f3 que estar\u00e1 en el poder el tiempo que el pueblo decida.<br \/>\n&#8220;Voy a durar el tiempo que el pueblo quiera, no me voy a aferrar a la Presidencia. Tengo que hacer esto (la firma) porque no les voy a dejar pasar nada a los conservadores, adem\u00e1s es muy buena la pol\u00e9mica&#8221;, afirm\u00f3.<br \/>\n&#8220;Bienvenida la pol\u00e9mica, el debate, nada m\u00e1s que no les voy a dar el gusto de que me comparen con sus \u00eddolos, eso s\u00ed calienta; nosotros tenemos un pensamiento libertario y democr\u00e1tico&#8221;.<br \/>\nEl Mandatario hizo la firma durante la conferencia de prensa matutina ante Rafael Arturo Coello Santos, notario p\u00fablico n\u00famero 30 de la Ciudad de M\u00e9xico.<br \/>\nL\u00f3pez Obrador sign\u00f3 el documento tras reiterar que est\u00e1 apegado al principio de Sufragio Efectivo No Reelecci\u00f3n, al que a\u00f1adir\u00eda, dijo, &#8220;no corrupci\u00f3n&#8221;.<br \/>\nEl Mandatario volvi\u00f3 a reprochar que la reforma sobre la revocaci\u00f3n del mandato siga detenida en el Legislativo, al igual que la de acabar con los privilegios de funcionarios y la del Art\u00edculo 35 de la Constituci\u00f3n para permitir las consultas.<br \/>\nEl Jefe del Ejecutivo insisti\u00f3 en que es un maderista, por lo que se mantiene en concluir su mandato en el tiempo que est\u00e1 estipulado, y lo certifica.<br \/>\nDurante la conferencia se le pidi\u00f3 al Presidente aclarar parte de la declaraci\u00f3n que hab\u00eda hecho al principio de la conferencia, &#8220;Voy a durar el tiempo que el pueblo quiera&#8221;, pues se podr\u00eda prestar a interpretaciones.<br \/>\nS\u00ed, dijo, no vaya alg\u00fan intelectual conservador a decir: no lo aclar\u00f3 bien.<br \/>\n&#8220;Hasta el 24 si el pueblo quiere y me lo permite la ciencia, la naturaleza y el creador&#8221;, expres\u00f3.<br \/>\nEl pol\u00edtico tabasque\u00f1o sign\u00f3 su compromiso ante notario luego de que el Instituto Nacional de Transparencia orden\u00f3 a la Presidencia entregar una copia certificada del documento que firm\u00f3 inicialmente \u202ael 19 de marzo\u202c pasado.<br \/>\nLa Vocer\u00eda presidencial inform\u00f3 que el notario Coello Santos no cobr\u00f3 honorarios ni monto alguno por el servicio prestado.<br \/>\nfuente: El Norte<\/p>\n","protected":false},"excerpt":{"rendered":"<p>Cd. de M\u00e9xico (25 julio 2019).- El Presidente Andr\u00e9s Manuel L\u00f3pez Obrador firm\u00f3 este jueves ante notario p\u00fablico el compromiso de no reelegirse, y asegur\u00f3 que estar\u00e1 en el poder el tiempo que el pueblo decida. &#8220;Voy a durar el tiempo que el pueblo quiera, no me voy a aferrar a la Presidencia. Tengo que [&hellip;]<\/p>\n","protected":false},"author":9,"featured_media":9224,"comment_status":"open","ping_status":"closed","sticky":false,"template":"","format":"standard","meta":{"footnotes":""},"categories":[19],"tags":[124,1627],"class_list":["post-9222","post","type-post","status-publish","format-standard","has-post-thumbnail","hentry","category-nacional","tag-amlo","tag-no-reeleccion-ante-notario"],"_links":{"self":[{"href":"https:\/\/laultimapalabra.com.mx\/portal\/wp-json\/wp\/v2\/posts\/9222","targetHints":{"allow":["GET"]}}],"collection":[{"href":"https:\/\/laultimapalabra.com.mx\/portal\/wp-json\/wp\/v2\/posts"}],"about":[{"href":"https:\/\/laultimapalabra.com.mx\/portal\/wp-json\/wp\/v2\/types\/post"}],"author":[{"embeddable":true,"href":"https:\/\/laultimapalabra.com.mx\/portal\/wp-json\/wp\/v2\/users\/9"}],"replies":[{"embeddable":true,"href":"https:\/\/laultimapalabra.com.mx\/portal\/wp-json\/wp\/v2\/comments?post=9222"}],"version-history":[{"count":1,"href":"https:\/\/laultimapalabra.com.mx\/portal\/wp-json\/wp\/v2\/posts\/9222\/revisions"}],"predecessor-version":[{"id":67905,"href":"https:\/\/laultimapalabra.com.mx\/portal\/wp-json\/wp\/v2\/posts\/9222\/revisions\/67905"}],"wp:featuredmedia":[{"embeddable":true,"href":"https:\/\/laultimapalabra.com.mx\/portal\/wp-json\/"}],"wp:attachment":[{"href":"https:\/\/laultimapalabra.com.mx\/portal\/wp-json\/wp\/v2\/media?parent=9222"}],"wp:term":[{"taxonomy":"category","embeddable":true,"href":"https:\/\/laultimapalabra.com.mx\/portal\/wp-json\/wp\/v2\/categories?post=9222"},{"taxonomy":"post_tag","embeddable":true,"href":"https:\/\/laultimapalabra.com.mx\/portal\/wp-json\/wp\/v2\/tags?post=9222"}],"curies":[{"name":"wp","href":"https:\/\/api.w.org\/{rel}","templated":true}]}}