                       {"id":9242,"date":"2019-07-25T17:52:48","date_gmt":"2019-07-25T22:52:48","guid":{"rendered":"http:\/\/laultimapalabra.info\/?p=9242"},"modified":"2024-12-11T08:56:03","modified_gmt":"2024-12-11T14:56:03","slug":"la-plaza-de-toros-de-cadereyta","status":"publish","type":"post","link":"https:\/\/laultimapalabra.com.mx\/portal\/la-plaza-de-toros-de-cadereyta\/","title":{"rendered":"La plaza de toros de Cadereyta"},"content":{"rendered":"<p style=\"text-align: justify;\">Por: Dr. Jos\u00e9 Ascensi\u00f3n Tijerina Flores<\/p>\n<p style=\"text-align: justify;\"><img loading=\"lazy\" decoding=\"async\" class=\"size-medium wp-image-9245 alignleft\" src=\"https:\/\/laultimapalabra.com.mx\/portal\/wp-content\/uploads\/2019\/07\/toros-2-300x194.jpg\" alt=\"\" width=\"300\" height=\"194\" \/>La fiesta brava es una herencia de nuestros antepasados espa\u00f1oles, tradici\u00f3n que se conserva en nuestra ciudad de Cadereyta Jim\u00e9nez hasta nuestros d\u00edas.<br \/>\nCronistas del pasado se dieron a la tarea de investigar los or\u00edgenes de este movimiento hist\u00f3rico y distintivo de esta ciudad que fuera iniciado a partir de 1849, aunque existen algunas evidencias que nos se\u00f1alan que desde 1838 ya se toreaban algunas reses bravas en algunos ranchos o corrales de la regi\u00f3n.<br \/>\nEn nuestro archivo hist\u00f3rico municipal se encuentran menciones detalladas de una solicitud que presentaron distinguidos Jimenences encabezados por Don Agapito Garc\u00eda D\u00e1vila y sus hermanos Eduardo y Casimiro, proponiendo al Alcalde y Cabildo la construcci\u00f3n de una plaza de toros en esta ciudad. Luego de aceptar la petici\u00f3n se procedi\u00f3 a nombrar una comisi\u00f3n encabezada por los hermanos antes mencionados sum\u00e1ndose a ellos el propio Alcalde Don Guadalupe Sada.<br \/>\nLos integrantes de aquella comisi\u00f3n ser\u00eda: Francisco Tijerina, Aurelio Serrano Delgado, Ambrosio Garc\u00eda, Pedro Cant\u00fa, Francisco Garza Trevi\u00f1o, Rafael Trevi\u00f1o Garza, Jes\u00fas Mar\u00eda Lozano y el Ayuntamiento en Pleno que encabezaba Don Guadalupe Sada.<br \/>\n1853 fue el a\u00f1o en que se iniciaron los festejos de manera r\u00fastica y sencilla con ganado de la hacienda Mexiquito propiedad de los hermanos Garc\u00eda D\u00e1vila y tra\u00eddos a la plaza arreados por tierra con vaqueros voluntarios de la localidad.<br \/>\nOtras referencias se\u00f1alan que ser\u00eda hasta el a\u00f1o siguiente cuando iniciaron los festejos en aquel lugar. Pero pese a estas hip\u00f3tesis para inicios del siglo XX la afici\u00f3n local y de la regi\u00f3n ya hab\u00edan convertido a Cadereyta y su plaza de toros en un importante coso taurino de prestigio.<br \/>\nEn sus inicios, la construcci\u00f3n se llev\u00f3 a cabo con materiales de la regi\u00f3n: Sillares, piedra, palizadas o carrizos serian la materia prima con que se construy\u00f3 en su primera etapa.<br \/>\nCon el paso del tiempo fue cambiando su estructura y pasando a mano de particulares y junta de mejoras respectivamente, la plaza adquiri\u00f3 la imagen de una construcci\u00f3n firme, elegante y se\u00f1orial que le da un toque sevillano con cierta similitud a los cosos espa\u00f1oles.<br \/>\nGrandes figuras del toreo nacional e internacional han hecho el pase\u00edllo en su ruedo al son de las notas del \u201cCielo Andaluz\u201d, cl\u00e1sico paso doble que da apertura a la puerta del callej\u00f3n de cuadrillas.<br \/>\nHeriberto Garc\u00eda, los hermanos Luis y F\u00e9lix Briones, Conchita Cintr\u00f3n (primera mujer torera a pie y a caballo) Luis Procuna, Luis Castro \u201cEl Soldado\u201d, Jos\u00e9 Huerta, Mariano Ramos, Carlos Arruza, y posteriormente toreros de m\u00e1s actualidad como David Silveti, Manolo Mart\u00ednez, Eloy Cavazos y los rejoneadores del momento; Pablo Hermoso de Mendoza y Andy Cartagena.<br \/>\nCon menci\u00f3n especial nuestros toreros Jimences: Arturo Tamez (De quien se dec\u00eda que no lleg\u00f3 a la cima porque no quiso) Enrique Garza, Jorge Cant\u00fa \u201cEl Gallo (+)\u201d , Joselito Ruiz, Alberto y Enrique Espinoza \u201cLos Cuates\u201d por mencionar solo algunos que dan lustre al nombre de Cadereyta en las diversas plazas de toros de M\u00e9xico.<br \/>\nEste es un breve resumen de los inicios de la fiesta brava en Cadereyta, pues resulta complicado \u201ccr\u00f3nicar\u201d la totalidad de datos que existen al respecto en tan poco espacio.<br \/>\nQue sirva esta narraci\u00f3n para conocer los pormenores de los inicios de esta tradici\u00f3n que le ha dado a Cadereyta el mote de \u201cTIERRA DE TOREROS\u201d<br \/>\nGracias<\/p>\n","protected":false},"excerpt":{"rendered":"<p>Por: Dr. Jos\u00e9 Ascensi\u00f3n Tijerina Flores La fiesta brava es una herencia de nuestros antepasados espa\u00f1oles, tradici\u00f3n que se conserva en nuestra ciudad de Cadereyta Jim\u00e9nez hasta nuestros d\u00edas. Cronistas del pasado se dieron a la tarea de investigar los or\u00edgenes de este movimiento hist\u00f3rico y distintivo de esta ciudad que fuera iniciado a partir [&hellip;]<\/p>\n","protected":false},"author":9,"featured_media":9244,"comment_status":"open","ping_status":"closed","sticky":false,"template":"","format":"standard","meta":{"footnotes":""},"categories":[1],"tags":[879,1799],"class_list":["post-9242","post","type-post","status-publish","format-standard","has-post-thumbnail","hentry","category-noticias","tag-dr-jose-ascencion-tijerina-flores","tag-plaza-de-toros-cadereyta"],"_links":{"self":[{"href":"https:\/\/laultimapalabra.com.mx\/portal\/wp-json\/wp\/v2\/posts\/9242","targetHints":{"allow":["GET"]}}],"collection":[{"href":"https:\/\/laultimapalabra.com.mx\/portal\/wp-json\/wp\/v2\/posts"}],"about":[{"href":"https:\/\/laultimapalabra.com.mx\/portal\/wp-json\/wp\/v2\/types\/post"}],"author":[{"embeddable":true,"href":"https:\/\/laultimapalabra.com.mx\/portal\/wp-json\/wp\/v2\/users\/9"}],"replies":[{"embeddable":true,"href":"https:\/\/laultimapalabra.com.mx\/portal\/wp-json\/wp\/v2\/comments?post=9242"}],"version-history":[{"count":1,"href":"https:\/\/laultimapalabra.com.mx\/portal\/wp-json\/wp\/v2\/posts\/9242\/revisions"}],"predecessor-version":[{"id":67917,"href":"https:\/\/laultimapalabra.com.mx\/portal\/wp-json\/wp\/v2\/posts\/9242\/revisions\/67917"}],"wp:featuredmedia":[{"embeddable":true,"href":"https:\/\/laultimapalabra.com.mx\/portal\/wp-json\/"}],"wp:attachment":[{"href":"https:\/\/laultimapalabra.com.mx\/portal\/wp-json\/wp\/v2\/media?parent=9242"}],"wp:term":[{"taxonomy":"category","embeddable":true,"href":"https:\/\/laultimapalabra.com.mx\/portal\/wp-json\/wp\/v2\/categories?post=9242"},{"taxonomy":"post_tag","embeddable":true,"href":"https:\/\/laultimapalabra.com.mx\/portal\/wp-json\/wp\/v2\/tags?post=9242"}],"curies":[{"name":"wp","href":"https:\/\/api.w.org\/{rel}","templated":true}]}}