                       {"id":9255,"date":"2019-07-25T18:05:17","date_gmt":"2019-07-25T23:05:17","guid":{"rendered":"http:\/\/laultimapalabra.info\/?p=9255"},"modified":"2024-12-11T08:56:03","modified_gmt":"2024-12-11T14:56:03","slug":"cumple-94-anos-ejido-tepehuaje","status":"publish","type":"post","link":"https:\/\/laultimapalabra.com.mx\/portal\/cumple-94-anos-ejido-tepehuaje\/","title":{"rendered":"Cumple 94 a\u00f1os Ejido Tepehuaje"},"content":{"rendered":"<p style=\"text-align: justify;\"><img loading=\"lazy\" decoding=\"async\" class=\"size-medium wp-image-9256 alignleft\" src=\"https:\/\/laultimapalabra.com.mx\/portal\/wp-content\/uploads\/2019\/07\/39c39da0-78af-4e90-a194-0da4b472320c-300x169.jpg\" alt=\"\" width=\"300\" height=\"169\" \/>El alcalde Ernesto Quintanilla, invitado de honor al evento.<\/p>\n<p style=\"text-align: justify;\">CADEREYTA JIM\u00c9NEZ, N.L.-<br \/>\nEl pasado 21 de julio, el ejido Tepehuaje cumpli\u00f3 94 a\u00f1os de su fundaci\u00f3n con una gran fiesta donde estuvo reunida toda la poblaci\u00f3n y descendientes de los primeros ejidatarios.<br \/>\nSin la presencia del comisariado Arnulfo Belmares Gonz\u00e1lez, quien por motivos de salud no pudo estar en el evento, se dieron cita en el sal\u00f3n de actos y centro social del mismo ejido, el alcalde Ernesto Quintanilla, el senador de la rep\u00fablica, V\u00edctor Fuentes, as\u00ed como un representante del gobernador y como invitado especiales, los comisariados de los otros ejidos de Cadereyta.<br \/>\nDesde las 2:00 de la tarde se rememor\u00f3 la iniciaci\u00f3n del primer ejido constituido en Nuevo Le\u00f3n y el segundo en toda la rep\u00fablica.<br \/>\nEn su mensaje, el edil jimenense destac\u00f3 el trabajo arduo de los campesinos de Nuevo Le\u00f3n, y anunci\u00f3 que acercar\u00eda los servicios de una de las tres ambulancias que arrancaron el martes por la ma\u00f1ana.<br \/>\nMencion\u00f3 que esa ambulancia estar\u00e1 en San Juan y ser\u00e1 para uso de todos los ejidos cercanos a la delegaci\u00f3n.<br \/>\nDespu\u00e9s de los discursos y los buenos deseos para los ejidatarios, los presentes degustaron una comida t\u00edpica de la regi\u00f3n.<\/p>\n","protected":false},"excerpt":{"rendered":"<p>El alcalde Ernesto Quintanilla, invitado de honor al evento. CADEREYTA JIM\u00c9NEZ, N.L.- El pasado 21 de julio, el ejido Tepehuaje cumpli\u00f3 94 a\u00f1os de su fundaci\u00f3n con una gran fiesta donde estuvo reunida toda la poblaci\u00f3n y descendientes de los primeros ejidatarios. Sin la presencia del comisariado Arnulfo Belmares Gonz\u00e1lez, quien por motivos de salud [&hellip;]<\/p>\n","protected":false},"author":9,"featured_media":9256,"comment_status":"open","ping_status":"closed","sticky":false,"template":"","format":"standard","meta":{"footnotes":""},"categories":[17],"tags":[139,990,2305],"class_list":["post-9255","post","type-post","status-publish","format-standard","has-post-thumbnail","hentry","category-locales-cadereyta","tag-aniversario-tepehuaje","tag-ernesto-quintanilla","tag-victor-fuentes"],"_links":{"self":[{"href":"https:\/\/laultimapalabra.com.mx\/portal\/wp-json\/wp\/v2\/posts\/9255","targetHints":{"allow":["GET"]}}],"collection":[{"href":"https:\/\/laultimapalabra.com.mx\/portal\/wp-json\/wp\/v2\/posts"}],"about":[{"href":"https:\/\/laultimapalabra.com.mx\/portal\/wp-json\/wp\/v2\/types\/post"}],"author":[{"embeddable":true,"href":"https:\/\/laultimapalabra.com.mx\/portal\/wp-json\/wp\/v2\/users\/9"}],"replies":[{"embeddable":true,"href":"https:\/\/laultimapalabra.com.mx\/portal\/wp-json\/wp\/v2\/comments?post=9255"}],"version-history":[{"count":1,"href":"https:\/\/laultimapalabra.com.mx\/portal\/wp-json\/wp\/v2\/posts\/9255\/revisions"}],"predecessor-version":[{"id":67925,"href":"https:\/\/laultimapalabra.com.mx\/portal\/wp-json\/wp\/v2\/posts\/9255\/revisions\/67925"}],"wp:featuredmedia":[{"embeddable":true,"href":"https:\/\/laultimapalabra.com.mx\/portal\/wp-json\/"}],"wp:attachment":[{"href":"https:\/\/laultimapalabra.com.mx\/portal\/wp-json\/wp\/v2\/media?parent=9255"}],"wp:term":[{"taxonomy":"category","embeddable":true,"href":"https:\/\/laultimapalabra.com.mx\/portal\/wp-json\/wp\/v2\/categories?post=9255"},{"taxonomy":"post_tag","embeddable":true,"href":"https:\/\/laultimapalabra.com.mx\/portal\/wp-json\/wp\/v2\/tags?post=9255"}],"curies":[{"name":"wp","href":"https:\/\/api.w.org\/{rel}","templated":true}]}}