                       {"id":9265,"date":"2019-07-25T18:13:46","date_gmt":"2019-07-25T23:13:46","guid":{"rendered":"http:\/\/laultimapalabra.info\/?p=9265"},"modified":"2024-12-11T08:56:04","modified_gmt":"2024-12-11T14:56:04","slug":"victor-fuentes-independientes-cara-experiencia","status":"publish","type":"post","link":"https:\/\/laultimapalabra.com.mx\/portal\/victor-fuentes-independientes-cara-experiencia\/","title":{"rendered":"V\u00edctor Fuentes\u2026 \u201cIndependientes, cara experiencia\u201d"},"content":{"rendered":"<p style=\"text-align: justify;\">*La \u00daltima Palabra en entrevista con el senador panista y uno de los favoritos para la gubernatura.<\/p>\n<p style=\"text-align: justify;\"><img loading=\"lazy\" decoding=\"async\" class=\"size-medium wp-image-9266 alignleft\" src=\"https:\/\/laultimapalabra.com.mx\/portal\/wp-content\/uploads\/2019\/07\/b7cc3f25-65c4-4d52-bfcd-86a9dc5449b3-300x190.jpg\" alt=\"\" width=\"300\" height=\"190\" \/>Miguel Oscar P\u00e9rez<br \/>\nCADEREYTA JIM\u00c9NEZ, N.L.-<br \/>\nA las puertas del centro social de Tepehuaje, el senador V\u00edctor Fuentes Sol\u00eds, responde a las preguntas del reportero de esta casa editora, la tarde del domingo 21 de julio.<br \/>\nAparte de la visita al festejo de Tepehuaje, el senador panista y uno de los punteros en las encuestas para la gubernatura, visit\u00f3 un mercado rodante de Cadereyta.<br \/>\n\u00bfSenador, a que obedece la visita al mercado? \u00bfplace\u00e1ndose?<br \/>\n\u201cDesde el 2008 visitando todas las semanas el mercado\u201d, responde.<br \/>\nAbund\u00f3 que desde esa fecha en su campa\u00f1a como diputado, no entiende otra manera de hacer pol\u00edtica, m\u00e1s que andando en la calle.<br \/>\nSenador, el viernes visit\u00f3 Samuel Garc\u00eda a Cadereyta, alguien podr\u00eda pensar que su visita es una reacci\u00f3n a esa visita\u2026<br \/>\n\u201cYo he recorrido el estado de Nuevo Le\u00f3n, yo creo que unas 30 veces completitas, todos los municipios los conozco como la palma de mi mano, quien me quisiera alcanzar se tardar\u00eda nom\u00e1s como 10 a\u00f1os\u201d, responde entre risas.<br \/>\nSenador, va muy bien en las encuestas para la gubernatura\u2026<br \/>\n\u201cNo tengo otra intenci\u00f3n m\u00e1s que trabajar, independientemente donde estemos, esa es mi \u00fanica intenci\u00f3n, todo lo dem\u00e1s est\u00e1 en manos del destino\u201d, acot\u00f3.<br \/>\n\u00bfSi quiere ser gobernador?<br \/>\n\u201cYo no tengo ninguna otra encomienda ahorita, m\u00e1s que ser senador\u201d.<br \/>\nSe oye una posible alianza entre Movimiento Ciudadano y PAN\u2026<br \/>\n\u201cEs una alianza que se dio en las pasadas elecciones en algunos estados de la rep\u00fablica, tambi\u00e9n se dio con el PRD, como tambi\u00e9n se ha dado con el Verde Ecologista\u201d.<br \/>\n\u00bfEn el caso de la gubernatura, estar\u00eda dispuesto a bajarse el PAN, para sumarse al candidato del Movimiento Ciudadano?<br \/>\n\u201cEsa decisi\u00f3n la tendr\u00eda que tomar el partido, yo soy senador y no estar\u00e9 en ninguna otra cosa, m\u00e1s que hacer bien mi trabajo. Soy panista por convicci\u00f3n\u201d, destac\u00f3.<br \/>\nDijo no gustarle la \u201cgrilla\u201d y no creer mucho en las encuestas, m\u00e1s que en el trabajo de campo, en las visitas a la gente.<br \/>\nSu opini\u00f3n sobre el gobierno independiente<br \/>\n\u201cPara nada, Nuevo Le\u00f3n est\u00e1 mejor, lamentablemente no fue una buena experiencia, y es el costo de los experimentos, los experimentos salieron muy caros, hay que evitar volverlos a repetir\u201d, sentenci\u00f3.<\/p>\n","protected":false},"excerpt":{"rendered":"<p>*La \u00daltima Palabra en entrevista con el senador panista y uno de los favoritos para la gubernatura. Miguel Oscar P\u00e9rez CADEREYTA JIM\u00c9NEZ, N.L.- A las puertas del centro social de Tepehuaje, el senador V\u00edctor Fuentes Sol\u00eds, responde a las preguntas del reportero de esta casa editora, la tarde del domingo 21 de julio. Aparte de [&hellip;]<\/p>\n","protected":false},"author":9,"featured_media":9266,"comment_status":"open","ping_status":"closed","sticky":false,"template":"","format":"standard","meta":{"footnotes":""},"categories":[17],"tags":[507,1695,2305],"class_list":["post-9265","post","type-post","status-publish","format-standard","has-post-thumbnail","hentry","category-locales-cadereyta","tag-cdm-pan-cadereyta","tag-pan-nl","tag-victor-fuentes"],"_links":{"self":[{"href":"https:\/\/laultimapalabra.com.mx\/portal\/wp-json\/wp\/v2\/posts\/9265","targetHints":{"allow":["GET"]}}],"collection":[{"href":"https:\/\/laultimapalabra.com.mx\/portal\/wp-json\/wp\/v2\/posts"}],"about":[{"href":"https:\/\/laultimapalabra.com.mx\/portal\/wp-json\/wp\/v2\/types\/post"}],"author":[{"embeddable":true,"href":"https:\/\/laultimapalabra.com.mx\/portal\/wp-json\/wp\/v2\/users\/9"}],"replies":[{"embeddable":true,"href":"https:\/\/laultimapalabra.com.mx\/portal\/wp-json\/wp\/v2\/comments?post=9265"}],"version-history":[{"count":1,"href":"https:\/\/laultimapalabra.com.mx\/portal\/wp-json\/wp\/v2\/posts\/9265\/revisions"}],"predecessor-version":[{"id":67931,"href":"https:\/\/laultimapalabra.com.mx\/portal\/wp-json\/wp\/v2\/posts\/9265\/revisions\/67931"}],"wp:featuredmedia":[{"embeddable":true,"href":"https:\/\/laultimapalabra.com.mx\/portal\/wp-json\/"}],"wp:attachment":[{"href":"https:\/\/laultimapalabra.com.mx\/portal\/wp-json\/wp\/v2\/media?parent=9265"}],"wp:term":[{"taxonomy":"category","embeddable":true,"href":"https:\/\/laultimapalabra.com.mx\/portal\/wp-json\/wp\/v2\/categories?post=9265"},{"taxonomy":"post_tag","embeddable":true,"href":"https:\/\/laultimapalabra.com.mx\/portal\/wp-json\/wp\/v2\/tags?post=9265"}],"curies":[{"name":"wp","href":"https:\/\/api.w.org\/{rel}","templated":true}]}}