                       {"id":9274,"date":"2019-07-25T20:18:02","date_gmt":"2019-07-26T01:18:02","guid":{"rendered":"http:\/\/laultimapalabra.info\/?p=9274"},"modified":"2024-12-11T08:56:04","modified_gmt":"2024-12-11T14:56:04","slug":"el-quemador-74","status":"publish","type":"post","link":"https:\/\/laultimapalabra.com.mx\/portal\/el-quemador-74\/","title":{"rendered":"El Quemador"},"content":{"rendered":"<p><img loading=\"lazy\" decoding=\"async\" class=\"size-medium wp-image-159 alignleft\" src=\"https:\/\/laultimapalabra.com.mx\/portal\/wp-content\/uploads\/2018\/02\/Banner-Caliente-copia-300x171.jpg\" alt=\"\" width=\"300\" height=\"171\" \/>Por: El Repre<\/p>\n<p style=\"text-align: justify;\">56 Y CONTANDO<br \/>\nIniciamos esta columneja muy pero muy felices, pues nuestro Secretario General Rafael Ortu\u00f1o Gonz\u00e1lez alias Faly celebro hace dos d\u00edas un a\u00f1o m\u00e1s de vida\u2026dice orgullosamente el Faly que cumple 56 a\u00f1os, pero la neta del planeta pareciera que cumpli\u00f3 unos cuarenta (y no queremos, ficha, planta o pr\u00e9stamo eh, nom\u00e1s lo que es)\u2026pues 40, 50 0 56, que cumpla muchos m\u00e1s el S\u00faper Faly y que Diosito nos lo bendiga\u2026enhorabuena Faly y que sean 56 a\u00f1os m\u00e1s!!<br \/>\nYA MERO<br \/>\nDesde la ciudad de M\u00e9xico nos dicen que de un momento a otro se dar\u00e1n a conocer los resultados que arroj\u00f3 la revisi\u00f3n contractual y salarial correspondiente a los pr\u00f3ximos dos a\u00f1os\u2026insistimos que las cosas para los compitas petroleros siguen sonando muy bien\u2026pero como siempre pasa antes de cada revisi\u00f3n nunca faltan las mentes retrogradas que escupen humo para confundir a la gente\u2026ya mero se dar\u00e1n esos resultados compitas, sean pacientes!!<br \/>\nCENDI<br \/>\nDel CENDI nos cuentan que las que andan como ni\u00f1itas reci\u00e9n nalgueadas son las tremendas abusonas de la Jefa Iris y la Dire Bel\u00e9n\u2026y como no iban andar as\u00ed, si desde la merita Ciudad M\u00e9xico les llamaron la atenci\u00f3n por tanto abuso y desmother que tienen en el CENDI\u2026porque hasta all\u00e1 se enteraron de lo que hacen estas dos\u2026s\u00edganle!<br \/>\nQUE LES CUESTA<br \/>\nPor lo pronto las dos andan bien modositas y hasta amables, que f\u00e1cil resulto aplacarlas\u2026bien dicen que donde aprieta no chorrea\u2026esperemos que la Bel\u00e9n y la Iris sigan as\u00ed de apaciguadas, porque sigue fluyendo informaci\u00f3n en su contra\u2026 \u00bfqu\u00e9 les cuesta? calmaditas y calladitas se ven m\u00e1s bonitas, bueno, no mucho eh!!<br \/>\nLA LUZ<br \/>\nDel Taller Mec\u00e1nico nos dicen que la que se puso como fiera hambrienta el viernes pasado fue ni m\u00e1s ni menos que la tremenda Luz, Lucecita de mi vida, bueno, de la vida del Juan bolas, quien lo viera verdad, feo, panz\u00f3n y borracho pero con la suerte de contar con la atenci\u00f3n de la linda Lucecita\u2026s\u00edganle!<br \/>\nFACEBOOK<br \/>\nPues ojala con las pedradas y veneno que la Luz solt\u00f3 en su Facebook a quien sabe qui\u00e9n se haya calmado un poco y ya no ande tan enmuinada como todo el fin de semana\u2026pero la neta Luz, al\u00e9jate del Juan bolas, eso del agiotismo es pasajero\u2026recapacita Luz!!<br \/>\nEL\u00c9CTRICO<br \/>\nDel Taller El\u00e9ctrico nos llega informaci\u00f3n que ya no quieren que vuela la Dely pelos, (as\u00ed le dicen, quien sabe porque), y s\u00ed, a la se\u00f1orita nadie la quiere en el Taller y ya le andan buscando una permuta\u2026y es que la mujer se la pasa peleando con todos y ya mejor al \u00faltimo la castigan mand\u00e1ndola a las plantas m\u00e1s lejos pa\u2019 que haga algo porque nunca quiere hacer nada\u2026puros problemas con la tal Dely pelos!!<br \/>\nREPRES<br \/>\nDe Ventas nos cuentan que los que ya quieren tirar el arpa son varios Repres de aquellas \u00e1reas\u2026y todo quesque porque ya no aguantan a la tremenda Mimosa\u2026y es que dicen que la Mimos nomas atiende al que quiere y al que le debe favores, que listilla\u2026definitivamente la Mimos se cree la jefa, pero pronto le llegar\u00e1 la hora y no sabr\u00e1 ni por donde ni que hacer\u2026pobrecita!!<br \/>\nELDAD<br \/>\nEl que volvi\u00f3 hacer de las suyas y se volvi\u00f3 a desaparecer fue el jefazo del corrupto Eldad\u2026pues nos llega correo dici\u00e9ndonos que hace dos meses se fue de vacaciones y ahora repentinamente se ausent\u00f3 que por el m\u00e9dico o que por vacaciones (\u00bfotra vez?)\u2026siempre los abusos y la corrupci\u00f3n con este se\u00f1or, s\u00edganle!!<br \/>\nEN BURRO<br \/>\nNo duden que el corrupto Eldad se haya provocado la enfermedad para casualmente quedar fuera del sistema unos d\u00edas\u2026 \u00bfser\u00e1 que tiene un nuevo plan? \u00bfSer\u00e1 que quiso librar alguna investigaci\u00f3n? O de plano ser\u00e1 que siente pasos en la azotea y con ello el t\u00e9rmino de su enquistado y corrupto clan? Bien dicen que el miedo no anda en burro\u2026 Pronto lo sabremos!!<br \/>\nIRMA LUJU<br \/>\nTambi\u00e9n nos dicen que a la que no aguantan ahora por su mal genio es a la canija chismosa y ciza\u00f1osa de la Irma luju, ya saben de quien hablamos\u2026pues aparte que se la pasa en el chisme y de huevas sin dar golpe pues ahora se carga una carita de pocos amigos\u2026 \u00bfqu\u00e9 te paso Irmita, que te hicieron, o que no te dieron? La pr\u00f3xima semana se los contaremos!!&#8230;Arrivederchi!!<\/p>\n<p>&nbsp;<\/p>\n","protected":false},"excerpt":{"rendered":"<p>Por: El Repre 56 Y CONTANDO Iniciamos esta columneja muy pero muy felices, pues nuestro Secretario General Rafael Ortu\u00f1o Gonz\u00e1lez alias Faly celebro hace dos d\u00edas un a\u00f1o m\u00e1s de vida\u2026dice orgullosamente el Faly que cumple 56 a\u00f1os, pero la neta del planeta pareciera que cumpli\u00f3 unos cuarenta (y no queremos, ficha, planta o pr\u00e9stamo [&hellip;]<\/p>\n","protected":false},"author":9,"featured_media":159,"comment_status":"open","ping_status":"closed","sticky":false,"template":"","format":"standard","meta":{"footnotes":""},"categories":[1],"tags":[944],"class_list":["post-9274","post","type-post","status-publish","format-standard","has-post-thumbnail","hentry","category-noticias","tag-el-repre-el-quemador"],"_links":{"self":[{"href":"https:\/\/laultimapalabra.com.mx\/portal\/wp-json\/wp\/v2\/posts\/9274","targetHints":{"allow":["GET"]}}],"collection":[{"href":"https:\/\/laultimapalabra.com.mx\/portal\/wp-json\/wp\/v2\/posts"}],"about":[{"href":"https:\/\/laultimapalabra.com.mx\/portal\/wp-json\/wp\/v2\/types\/post"}],"author":[{"embeddable":true,"href":"https:\/\/laultimapalabra.com.mx\/portal\/wp-json\/wp\/v2\/users\/9"}],"replies":[{"embeddable":true,"href":"https:\/\/laultimapalabra.com.mx\/portal\/wp-json\/wp\/v2\/comments?post=9274"}],"version-history":[{"count":1,"href":"https:\/\/laultimapalabra.com.mx\/portal\/wp-json\/wp\/v2\/posts\/9274\/revisions"}],"predecessor-version":[{"id":67937,"href":"https:\/\/laultimapalabra.com.mx\/portal\/wp-json\/wp\/v2\/posts\/9274\/revisions\/67937"}],"wp:featuredmedia":[{"embeddable":true,"href":"https:\/\/laultimapalabra.com.mx\/portal\/wp-json\/"}],"wp:attachment":[{"href":"https:\/\/laultimapalabra.com.mx\/portal\/wp-json\/wp\/v2\/media?parent=9274"}],"wp:term":[{"taxonomy":"category","embeddable":true,"href":"https:\/\/laultimapalabra.com.mx\/portal\/wp-json\/wp\/v2\/categories?post=9274"},{"taxonomy":"post_tag","embeddable":true,"href":"https:\/\/laultimapalabra.com.mx\/portal\/wp-json\/wp\/v2\/tags?post=9274"}],"curies":[{"name":"wp","href":"https:\/\/api.w.org\/{rel}","templated":true}]}}