                       {"id":9323,"date":"2019-07-26T16:12:37","date_gmt":"2019-07-26T21:12:37","guid":{"rendered":"http:\/\/laultimapalabra.info\/?p=9323"},"modified":"2024-12-11T08:56:05","modified_gmt":"2024-12-11T14:56:05","slug":"niega-eq-que-secretario-de-seguridad-haya-sido-destituido","status":"publish","type":"post","link":"https:\/\/laultimapalabra.com.mx\/portal\/niega-eq-que-secretario-de-seguridad-haya-sido-destituido\/","title":{"rendered":"Niega EQ que Secretario de Seguridad haya sido destitu\u00eddo"},"content":{"rendered":"<p style=\"text-align: justify;\"><img loading=\"lazy\" decoding=\"async\" class=\"size-medium wp-image-9324 alignleft\" src=\"https:\/\/laultimapalabra.com.mx\/portal\/wp-content\/uploads\/2019\/07\/67313182_2486823904695804_7033539225337200640_n-300x200.jpg\" alt=\"\" width=\"300\" height=\"200\" \/>Cadereyta Jim\u00e9nez, N. L.- Tras las informaciones que han circulado en lo que va del d\u00eda de que Gamaliel Meza, Secretario de Seguridad Publica en Cadereyta, fue destituido por el Gobierno del Estado, el edil jimenense, Ernesto Quintanilla, asegur\u00f3 tajante que el \u00fanico que tiene la autoridad para dicha acci\u00f3n es \u00e9l como alcalde.<br \/>\nAclarando que el funcionario municipal s\u00f3lo se encuentra separado de su cargo durante los 30 d\u00edas que tiene como plazo Fuerza Civil para bajar los indices delictivos de alto impacto en el municipio, Quintanilla Villarreal tambi\u00e9n asegur\u00f3 que los elementos municipales seguir\u00e1n patrullando y realizando los rondines de vigilancia a cargo de los delitos del fuero com\u00fan.<br \/>\nAsimismo, dijo que los elementos con los que se cuenta en el municipio, son seleccionados cuidadosamente para que cumplan las pruebas de confianza y los est\u00e1ndares de.confiabilidad que se requieren para la corporaci\u00f3n.<br \/>\nMientras que polic\u00edas que vienen de otros municipios o estados han ingresado a la corporaci\u00f3n debido a que cumplen con su documentaci\u00f3n y sus pruebas de confianza.<br \/>\nPor otra parte, asegur\u00f3 que la colaboraci\u00f3n ser\u00e1n integral ya que las fuerzas del Estado y las Federales estar\u00e1n al cuidado de la seguridad en el municipio con elementos de Fuerza Civil, Polic\u00eda Militar, agentes de la AEI, Guardia Nacional, Militares y municipales. Cabe se\u00f1alar que hasta el momento, Gamaliel Meza ha sido uno de los Secretario de Seguridad P\u00fablica en Cadereyts con mayor apertura a la comunicaci\u00f3n con la ciudadan\u00eda jimenense, pues se le observa acompa\u00f1ando al Mun\u00edcipe en distintos eventos donde sostiene trato directo con la ciudadan\u00eda, adem\u00e1s de que se tiene conocimiento atiende v\u00eda celular de forma directa para cualquier reporte y\/o queja.<\/p>\n","protected":false},"excerpt":{"rendered":"<p>Cadereyta Jim\u00e9nez, N. L.- Tras las informaciones que han circulado en lo que va del d\u00eda de que Gamaliel Meza, Secretario de Seguridad Publica en Cadereyta, fue destituido por el Gobierno del Estado, el edil jimenense, Ernesto Quintanilla, asegur\u00f3 tajante que el \u00fanico que tiene la autoridad para dicha acci\u00f3n es \u00e9l como alcalde. Aclarando [&hellip;]<\/p>\n","protected":false},"author":9,"featured_media":9324,"comment_status":"open","ping_status":"closed","sticky":false,"template":"","format":"standard","meta":{"footnotes":""},"categories":[17,8,9],"tags":[24,809,990,1133],"class_list":["post-9323","post","type-post","status-publish","format-standard","has-post-thumbnail","hentry","category-locales-cadereyta","category-seguridad","category-seguridad-cadereyta","tag-24","tag-destitucion-secretario-seguridad-cadereyta","tag-ernesto-quintanilla","tag-gamaliel"],"_links":{"self":[{"href":"https:\/\/laultimapalabra.com.mx\/portal\/wp-json\/wp\/v2\/posts\/9323","targetHints":{"allow":["GET"]}}],"collection":[{"href":"https:\/\/laultimapalabra.com.mx\/portal\/wp-json\/wp\/v2\/posts"}],"about":[{"href":"https:\/\/laultimapalabra.com.mx\/portal\/wp-json\/wp\/v2\/types\/post"}],"author":[{"embeddable":true,"href":"https:\/\/laultimapalabra.com.mx\/portal\/wp-json\/wp\/v2\/users\/9"}],"replies":[{"embeddable":true,"href":"https:\/\/laultimapalabra.com.mx\/portal\/wp-json\/wp\/v2\/comments?post=9323"}],"version-history":[{"count":1,"href":"https:\/\/laultimapalabra.com.mx\/portal\/wp-json\/wp\/v2\/posts\/9323\/revisions"}],"predecessor-version":[{"id":67961,"href":"https:\/\/laultimapalabra.com.mx\/portal\/wp-json\/wp\/v2\/posts\/9323\/revisions\/67961"}],"wp:featuredmedia":[{"embeddable":true,"href":"https:\/\/laultimapalabra.com.mx\/portal\/wp-json\/"}],"wp:attachment":[{"href":"https:\/\/laultimapalabra.com.mx\/portal\/wp-json\/wp\/v2\/media?parent=9323"}],"wp:term":[{"taxonomy":"category","embeddable":true,"href":"https:\/\/laultimapalabra.com.mx\/portal\/wp-json\/wp\/v2\/categories?post=9323"},{"taxonomy":"post_tag","embeddable":true,"href":"https:\/\/laultimapalabra.com.mx\/portal\/wp-json\/wp\/v2\/tags?post=9323"}],"curies":[{"name":"wp","href":"https:\/\/api.w.org\/{rel}","templated":true}]}}