                       {"id":9363,"date":"2019-08-01T13:14:39","date_gmt":"2019-08-01T18:14:39","guid":{"rendered":"http:\/\/laultimapalabra.info\/?p=9363"},"modified":"2024-12-11T08:56:05","modified_gmt":"2024-12-11T14:56:05","slug":"egan-bernal-se-convierte-oficialmente-en-primer-latino-en-ganar-el-tour-de-francia","status":"publish","type":"post","link":"https:\/\/laultimapalabra.com.mx\/portal\/egan-bernal-se-convierte-oficialmente-en-primer-latino-en-ganar-el-tour-de-francia\/","title":{"rendered":"Egan Bernal se convierte oficialmente en primer latino en ganar el Tour de Francia"},"content":{"rendered":"<p style=\"text-align: justify;\"><img loading=\"lazy\" decoding=\"async\" class=\"size-medium wp-image-9359 alignleft\" src=\"https:\/\/laultimapalabra.com.mx\/portal\/wp-content\/uploads\/2019\/08\/egan-bernal-2-300x169.jpg\" alt=\"\" width=\"300\" height=\"169\" \/>El ciclista colombiano es tambi\u00e9n el ganador m\u00e1s joven del Tour de Francia en m\u00e1s de un siglo y el tercero en la historia.<br \/>\nEgan Bernal de 22 a\u00f1os se convirti\u00f3 este domingo (28.07.2019) en el primer ciclista colombiano en conquistar el Tour de Francia, tras la disputa de la 21\u00aa y \u00faltima etapa, en la que el australiano Caleb Ewan venci\u00f3 en la tradicional llegada a los Campos El\u00edseos de Par\u00eds.<br \/>\nEl joven colombiano de 22 a\u00f1os, del equipo Ineos, acab\u00f3 en la clasificaci\u00f3n general final por delante de su compa\u00f1ero de formaci\u00f3n Geraint Thomas, campe\u00f3n del Tour el a\u00f1o pasado y ahora segundo, y del holand\u00e9s Steven Kruijswijk (Jumbo), que fue tercero.<br \/>\nLa euforia de toda Colombia por el primer maillot amarillo en el tour firmado por su nuevo h\u00e9roe, se traslad\u00f3 a los Campos El\u00edseos de Par\u00eds, al atardecer, para saludar la entrada de una promesa llamada a marcar una era en el ciclismo internacional.<\/p>\n<p style=\"text-align: justify;\">Bernal: &#8220;Es una felicidad que no puedo describir&#8221;<br \/>\nFaltaba un \u00faltimo tr\u00e1mite de 121 kil\u00f3metros entre Rambouillet y Par\u00eds para que Bernal subiera al podio a escuchar emocionado el himno colombiano. Despu\u00e9s de poco m\u00e1s de 3 horas de trayecto a modo de homenaje, en las que no faltaron los brindis con champ\u00e1n sobre la bicicleta, el campe\u00f3n del tour despert\u00f3 de un sue\u00f1o real: se hab\u00eda convertido en el primer colombiano y latinoamericano en ganar el Tour de Francia.<br \/>\n&#8220;Es incre\u00edble, no s\u00e9 qu\u00e9 decir. Gan\u00e9 el Tour, pero sigo sin cre\u00e9rmelo. Necesito un par de d\u00edas para asimilar esto. Vi a mi familia y s\u00f3lo quer\u00eda abrazarlos. Es una felicidad que no puedo describir&#8221;, expres\u00f3 Bernal.<br \/>\nNada m\u00e1s entrar en meta a Bernal le esperaban sus padres, su hermano, reci\u00e9n aterrizado de Colombia, y su novia Xiomara.<br \/>\nCiclismo colombiano en ascenso<br \/>\n&#8220;Es solo felicidad. Es nuestro primer Tour de Francia: muchos colombianos lo han intentado, hemos tenido muy buenos ciclistas, tenemos una gran historia en este deporte, hemos ganado el Giro y la Vuelta, pero nos faltaba el Tour. Colombia lo merec\u00eda&#8221;, relat\u00f3<br \/>\nMuestra de una pujanza imparable, el ciclismo colombiano hab\u00eda situado tres veces a un corredor en la segunda plaza en los \u00faltimos siete a\u00f1os, Nairo Quintana (2013 y 2015) y Rigoberto Ur\u00e1n (2017), siempre detr\u00e1s de Chris Froome.<br \/>\nAmbas figuras cafeteras estuvieron de nuevo este a\u00f1o en el top-10: Ur\u00e1n fue s\u00e9ptimo y Quintana octavo, este \u00faltimo con una victoria en los Alpes en el bolsillo.<br \/>\nA sus 22 a\u00f1os de Egan Bernal se espera mucho m\u00e1s, seguramente ser\u00e1 protagonista en la Vuelta Espa\u00f1a.<br \/>\nClub de Ciclismo Titanes de Cadereyta<\/p>\n","protected":false},"excerpt":{"rendered":"<p>El ciclista colombiano es tambi\u00e9n el ganador m\u00e1s joven del Tour de Francia en m\u00e1s de un siglo y el tercero en la historia. Egan Bernal de 22 a\u00f1os se convirti\u00f3 este domingo (28.07.2019) en el primer ciclista colombiano en conquistar el Tour de Francia, tras la disputa de la 21\u00aa y \u00faltima etapa, en [&hellip;]<\/p>\n","protected":false},"author":9,"featured_media":9359,"comment_status":"open","ping_status":"closed","sticky":false,"template":"","format":"standard","meta":{"footnotes":""},"categories":[1],"tags":[559],"class_list":["post-9363","post","type-post","status-publish","format-standard","has-post-thumbnail","hentry","category-noticias","tag-ciclismo-cadereyta"],"_links":{"self":[{"href":"https:\/\/laultimapalabra.com.mx\/portal\/wp-json\/wp\/v2\/posts\/9363","targetHints":{"allow":["GET"]}}],"collection":[{"href":"https:\/\/laultimapalabra.com.mx\/portal\/wp-json\/wp\/v2\/posts"}],"about":[{"href":"https:\/\/laultimapalabra.com.mx\/portal\/wp-json\/wp\/v2\/types\/post"}],"author":[{"embeddable":true,"href":"https:\/\/laultimapalabra.com.mx\/portal\/wp-json\/wp\/v2\/users\/9"}],"replies":[{"embeddable":true,"href":"https:\/\/laultimapalabra.com.mx\/portal\/wp-json\/wp\/v2\/comments?post=9363"}],"version-history":[{"count":1,"href":"https:\/\/laultimapalabra.com.mx\/portal\/wp-json\/wp\/v2\/posts\/9363\/revisions"}],"predecessor-version":[{"id":67981,"href":"https:\/\/laultimapalabra.com.mx\/portal\/wp-json\/wp\/v2\/posts\/9363\/revisions\/67981"}],"wp:featuredmedia":[{"embeddable":true,"href":"https:\/\/laultimapalabra.com.mx\/portal\/wp-json\/"}],"wp:attachment":[{"href":"https:\/\/laultimapalabra.com.mx\/portal\/wp-json\/wp\/v2\/media?parent=9363"}],"wp:term":[{"taxonomy":"category","embeddable":true,"href":"https:\/\/laultimapalabra.com.mx\/portal\/wp-json\/wp\/v2\/categories?post=9363"},{"taxonomy":"post_tag","embeddable":true,"href":"https:\/\/laultimapalabra.com.mx\/portal\/wp-json\/wp\/v2\/tags?post=9363"}],"curies":[{"name":"wp","href":"https:\/\/api.w.org\/{rel}","templated":true}]}}