                       {"id":9365,"date":"2019-08-01T13:17:16","date_gmt":"2019-08-01T18:17:16","guid":{"rendered":"http:\/\/laultimapalabra.info\/?p=9365"},"modified":"2024-12-11T08:56:05","modified_gmt":"2024-12-11T14:56:05","slug":"don-apolinar-nunez-de-leon-historiador-cronista-escritor-y-poeta-jimenense-ilustre","status":"publish","type":"post","link":"https:\/\/laultimapalabra.com.mx\/portal\/don-apolinar-nunez-de-leon-historiador-cronista-escritor-y-poeta-jimenense-ilustre\/","title":{"rendered":"Don Apolinar N\u00fa\u00f1ez De Le\u00f3n\u2026 historiador, cronista, escritor y poeta\u2026 jimenense ilustre"},"content":{"rendered":"<p style=\"text-align: justify;\"><img loading=\"lazy\" decoding=\"async\" class=\"size-medium wp-image-9366 alignleft\" src=\"https:\/\/laultimapalabra.com.mx\/portal\/wp-content\/uploads\/2019\/08\/descarga-211x300.jpg\" alt=\"\" width=\"211\" height=\"300\" \/>Por: Dr. Jos\u00e9 Ascensi\u00f3n Tijerina Flores<\/p>\n<p style=\"text-align: justify;\">Don Apolinar N\u00fa\u00f1ez naci\u00f3 en la hacienda \u201cEl Castillo\u201d un 21 de julio de 1908. Don Jos\u00e9 N\u00fa\u00f1ez Padilla y Do\u00f1a Agustina De Le\u00f3n fueron sus padres. La escuela \u201cMiguel Hidalgo\u201d fue su primer centro de estudios, pero por esas cosas ingratas de la vida solo lleg\u00f3 hasta tercer grado para despu\u00e9s iniciar la lucha cotidiana por una vida mejor.<br \/>\nLabor\u00f3 como \u201ccajista\u201d en la imprenta de Don Jes\u00fas F. Garza Leal y siguiendo una vocaci\u00f3n rom\u00e1ntica musical form\u00f3 parte de la Banda Municipal de M\u00fasica de ese tiempo.<br \/>\nEn 1927 se traslad\u00f3 a la ciudad de Monterrey en busca de su mejor\u00eda personal, as\u00ed que frecuentando algunas bibliotecas y adquiriendo como se pudiera algunos libros logr\u00f3 cultivarse y realizarse como escritor.<br \/>\n\u201cEl General\u00edsimo Morelos en Nuevo Le\u00f3n\u201d fue una obra de su autor\u00eda premiada por la Sociedad Mexicana de Geograf\u00eda y Estad\u00edstica de M\u00e9xico en el a\u00f1o de 1962.<br \/>\n\u201cFuego fatuos\u201d obra escrita en verso, logr\u00f3 gran aceptaci\u00f3n al grado de requerir varias ediciones. Adem\u00e1s de algunas otras obras po\u00e9ticas, colabor\u00f3 en peri\u00f3dicos y revistas abordando temas de la \u00e9poca, principalmente de historia.<br \/>\nEn 1931 fue el orador oficial durante la campa\u00f1a del General Anacleto Guerrero en su primera participaci\u00f3n como candidato a la gubernatura donde Don Francisco C\u00e1rdenas resultara triunfador. En 1936 el General Guerrero repite como candidato resultando ahora s\u00ed triunfador y le da el cargo de \u201cCitador a caballo\u201d a N\u00fa\u00f1ez De Le\u00f3n y adem\u00e1s le da la responsabilidad de la Tesorer\u00eda General del Estado.<br \/>\nEl General Bonifacio Salinas Leal llega a la gubernatura y Don Apolinar se hace cargo de la Biblioteca P\u00fablica del Estado, posteriormente el Lic. Arturo B. De la Garza es electo gobernador y lo nombra Secretario del Honorable Congreso como Oficial Primero, puesto que desempe\u00f1\u00f3 hasta el 14 de agosto de 1967. 30 a\u00f1os, 8 meses y 15 d\u00edas dur\u00f3 N\u00fa\u00f1ez De Le\u00f3n como servidor del gobierno del estado.<br \/>\nDurante la administraci\u00f3n municipal del Se\u00f1or Am\u00e9rico Montemayor en nuestra ciudad (1970) N\u00fa\u00f1ez De Le\u00f3n fungi\u00f3 como Oficial Mayor del Ayuntamiento como tambi\u00e9n Oficial Segundo del Registro Civil.<br \/>\nFue socio fundador de la Sociedad Nuevoleonesa de Historia, Geograf\u00eda y Estad\u00edstica ocupando el puesto de Vicepresidente, dos veces Secretario y Presidente de la misma.<br \/>\nDestac\u00f3 como miembro de la Mazoner\u00eda de Nuevo Le\u00f3n donde ocup\u00f3 varios puestos, fue venerable maestro de la respetable logia simb\u00f3lica \u201cRafael N\u00e1jera\u201d No. 33 de Monterrey Nuevo Le\u00f3n. Particip\u00f3 en la columna \u201cEpigramas\u201d del Peri\u00f3dico El Sol firmando con su pseud\u00f3nimo \u201cU\u00f1as de Le\u00f3n\u201d como le llamaban sus amigos.<br \/>\nCasado con Do\u00f1a Concepci\u00f3n Charles, habiendo procreado seis hijos con ella: Ariel, Abel, Amel, Rosario Anabel, Ruth Azahel y Raquel Agustina.<br \/>\nDon Apolinar falleci\u00f3 un 4 de Octubre de 1979 y su nombre fue perpetuado en la Escuela Primaria Federal ubicada en la colonia \u201cAlfredo V. Bonfil\u201d como tambi\u00e9n en el plantel educativo de la Hacienda \u201cEl Ayancual\u201d jurisdicci\u00f3n de Ramones Nuevo Le\u00f3n.<br \/>\nEn 1980 se le puso su nombre a una de las calles de la Col. General L\u00e1zaro C\u00e1rdenas. El 6 de Octubre de 1980 siendo de nuevo alcalde Don Am\u00e9rico Montemayor se acord\u00f3 en sesi\u00f3n que consta en el Acta No. 13 que contiene los acuerdos del Cabildo que la Biblioteca P\u00fablica Municipal llevara el nombre del cronista, historiador, escritor y poeta oriundo de esta tierra que represent\u00f3 siempre con dignidad en los lugares en que estuvo.<br \/>\nComo investigador Don Apolinar fue pieza importante en la localizaci\u00f3n, exhumaci\u00f3n y re inhumaci\u00f3n de los restos del Mayor Celedonio Villarreal como tambi\u00e9n del Coronel Plat\u00f3n S\u00e1nchez, adem\u00e1s de tramitar el regreso de los restos mortales del General Bernardo Reyes y del General Jos\u00e9 Mar\u00eda Mier para que fueran re inhumados en nuestro Estado de Nuevo Le\u00f3n.<br \/>\nGracias.<\/p>\n","protected":false},"excerpt":{"rendered":"<p>Por: Dr. Jos\u00e9 Ascensi\u00f3n Tijerina Flores Don Apolinar N\u00fa\u00f1ez naci\u00f3 en la hacienda \u201cEl Castillo\u201d un 21 de julio de 1908. Don Jos\u00e9 N\u00fa\u00f1ez Padilla y Do\u00f1a Agustina De Le\u00f3n fueron sus padres. La escuela \u201cMiguel Hidalgo\u201d fue su primer centro de estudios, pero por esas cosas ingratas de la vida solo lleg\u00f3 hasta tercer [&hellip;]<\/p>\n","protected":false},"author":9,"featured_media":9366,"comment_status":"open","ping_status":"closed","sticky":false,"template":"","format":"standard","meta":{"footnotes":""},"categories":[1],"tags":[879],"class_list":["post-9365","post","type-post","status-publish","format-standard","has-post-thumbnail","hentry","category-noticias","tag-dr-jose-ascencion-tijerina-flores"],"_links":{"self":[{"href":"https:\/\/laultimapalabra.com.mx\/portal\/wp-json\/wp\/v2\/posts\/9365","targetHints":{"allow":["GET"]}}],"collection":[{"href":"https:\/\/laultimapalabra.com.mx\/portal\/wp-json\/wp\/v2\/posts"}],"about":[{"href":"https:\/\/laultimapalabra.com.mx\/portal\/wp-json\/wp\/v2\/types\/post"}],"author":[{"embeddable":true,"href":"https:\/\/laultimapalabra.com.mx\/portal\/wp-json\/wp\/v2\/users\/9"}],"replies":[{"embeddable":true,"href":"https:\/\/laultimapalabra.com.mx\/portal\/wp-json\/wp\/v2\/comments?post=9365"}],"version-history":[{"count":1,"href":"https:\/\/laultimapalabra.com.mx\/portal\/wp-json\/wp\/v2\/posts\/9365\/revisions"}],"predecessor-version":[{"id":67983,"href":"https:\/\/laultimapalabra.com.mx\/portal\/wp-json\/wp\/v2\/posts\/9365\/revisions\/67983"}],"wp:featuredmedia":[{"embeddable":true,"href":"https:\/\/laultimapalabra.com.mx\/portal\/wp-json\/"}],"wp:attachment":[{"href":"https:\/\/laultimapalabra.com.mx\/portal\/wp-json\/wp\/v2\/media?parent=9365"}],"wp:term":[{"taxonomy":"category","embeddable":true,"href":"https:\/\/laultimapalabra.com.mx\/portal\/wp-json\/wp\/v2\/categories?post=9365"},{"taxonomy":"post_tag","embeddable":true,"href":"https:\/\/laultimapalabra.com.mx\/portal\/wp-json\/wp\/v2\/tags?post=9365"}],"curies":[{"name":"wp","href":"https:\/\/api.w.org\/{rel}","templated":true}]}}