                       {"id":9397,"date":"2019-08-01T20:47:01","date_gmt":"2019-08-02T01:47:01","guid":{"rendered":"http:\/\/laultimapalabra.info\/?p=9397"},"modified":"2024-12-11T08:56:06","modified_gmt":"2024-12-11T14:56:06","slug":"la-guarida-del-mapache-73","status":"publish","type":"post","link":"https:\/\/laultimapalabra.com.mx\/portal\/la-guarida-del-mapache-73\/","title":{"rendered":"La Guarida del Mapache"},"content":{"rendered":"<p style=\"text-align: justify;\"><img loading=\"lazy\" decoding=\"async\" class=\"size-medium wp-image-155 alignleft\" src=\"https:\/\/laultimapalabra.com.mx\/portal\/wp-content\/uploads\/2018\/02\/mapache-300x282.jpeg\" alt=\"\" width=\"300\" height=\"282\" \/>Por: El Mapache<\/p>\n<p style=\"text-align: justify;\">Pues bueno raza, hay mucho que cotorrear esta semanuca jejeje as\u00ed que espero que est\u00e9n en la posici\u00f3n m\u00e1s c\u00f3moda y que se est\u00e9n refrescando porque con estos calorones, pues no hay de otra.<br \/>\nJC<br \/>\nPues \u201cJuerza Civil\u201d lleg\u00f3 compis y como era de esperarse hubo algunos cambios dentro de la estructura de mando de los poli municipales, y fue nada m\u00e1s y nada menos que la separaci\u00f3n de su cargo de mi compi \u201cGama1000\u201d, al menos por este mes que los de Juerza est\u00e9n a cargo.<br \/>\nALBOROTO<br \/>\nPero ya saben ustedes que el pelado ha sido pol\u00e9mico desde antes de su llegada a la Secretar\u00eda jejeje y la separaci\u00f3n de su cargo pues dio pie a ponerlo en el ojo del torbellino de nuevo, despu\u00e9s de que se dijera por aqu\u00ed y por all\u00e1 que lo hab\u00edan destituido del cargo..<br \/>\nACLARACION<br \/>\nCosa que ni tarde ni perezoso, el \u201cBigotes\u201d Quintanilla desminti\u00f3 jejeje para dolor de cabeza de muuuchos y muuuuchas que piden a gritos la \u201ccabeza\u201d del \u201cGama1000\u201d, ya que el sujeto ha movido elementos de un lado pa\u00b4otro buscando mejorar siempre el servicio y evitar abusos y hay quienes no les gusta obviamente.<br \/>\nCAMBIOS<br \/>\nPor lo pronto, ahora en su ausencia el delta de los poli, pues anda quedando bien con la raza compis, ya que les cambi\u00f3 el horario de 48&#215;48 a 24&#215;48, y aunque esto obviamente beneficia a los elementos y lo aplaudimos, pues la neta es que qu\u00e9 casualidad que se haga ahora que \u201cGama1000\u201d est\u00e1 ausente jejeje.<br \/>\nINTENCIONES<br \/>\nAqu\u00ed para su servilleta raza, eso no obedece m\u00e1s que a quererse ganar a la raza por parte del \u201cdelta\u201d, quien aunque es un buen sujeto, no debemos olvidar que ya fue secretario, y que aunque ha laborado en distintas corporaciones pues la neta del planeta es que han sido m\u00e1s jales de administrativo que de otra cosa, as\u00ed que en calle como estratega la mera verdad pues no sabemos qu\u00e9 tan efectivo podr\u00eda ser, pero la situaci\u00f3n en cuesti\u00f3n de seguridad raza no est\u00e1 como para andar experimentando.<br \/>\nATENTO<br \/>\nMientras que por otra parte, al \u201cGama1000\u201d a pesar de que mucho no quisieran ya verlo en C\u00e1diz, la neta es que en las colonias lo conocen mucho m\u00e1s que a los \u00faltimos \u201csecres\u201d, y eso significa que el susodicho pues si ha tenido interacci\u00f3n con la raza de las colonias, lo que se traduce en buena imagen al menos de atenci\u00f3n compis.<br \/>\nORDENAMIENTO<br \/>\nY en otro rollo en que vimos metido esta semanuca al pobre \u201cBigotes\u201d Quintanilla quien recibi\u00f3 insultos y rayadas de m\u00e1user al por mayor a trav\u00e9s de las redes sociales, fue el asunto este del decomiso de carretillas, carretones de venta de fruta, dulces y m\u00e1s compis, si esos ambulantes que se ponen en la calle a vender, aparte del operativo de la motos que estaba haciendo Tr\u00e1nsito municipal, dos temas que le ocasionaron un buen dolor de cabeza esta semanuca.<br \/>\nDOBLE MORAL<br \/>\nY no es porque yo lo quiera defender raza, pero la neta es que en esta ocasi\u00f3n si anda orinando fuera de la olla \u00bfeh? porque lo que sea de cada quien somos bien convenencieros, queremos orden, ley; pero no queremos acatar los lineamientos ni responsabilidades que como ciudadanos nos corresponde, y cuando una situaci\u00f3n como esta de los vendedores o de las motos afectan a nosotros mismos, o a alg\u00fan familiar, ah\u00ed si decimos que es un abuso de autoridad, cuando si nosotros tuvi\u00e9ramos todo en regla, pues nadie nos podr\u00eda molestar.<br \/>\nCASETA<br \/>\nYa ven todo lo que se quejaron por lo de que \u201cJuerza Civil\u201d les hab\u00eda bloqueado la terracer\u00eda por la que se \u201cbrincaban\u201d la caseta de 13 pesos, jejeje y yo s\u00e9 que pues mucha raza busca ahorrarse esos 13 pesitos, pero nadie se pone a pensar que tambi\u00e9n puede ser una estrategia raza, porque obvio si van a pasar malandros y ven las unidades ah\u00ed cerca, es obvio que le van a dar por la terracer\u00eda, entonces bloqueral m\u00e1s que por recaudar lana podr\u00eda obedecer a otras situaciones, entonces hay que ser m\u00e1s coherentes, si queremos ley debemos quererla para todos.<br \/>\nECONOMIA<br \/>\nOigan compis, por cierto ya en otro tema aparte d\u00e9jenme les platico que me lleg\u00f3 el chisme, queja y como ustedes le gusten llamar de que las finanzas de la administration ya est\u00e1n muy, pero que muy recuperadas jejeje que ya est\u00e1n siendo mucho m\u00e1s solventes que al inicio, y cuanto no lo ser\u00e1 raza, que ya hasta facturas adelantadas pagan jejeje.<br \/>\nFAVORES<br \/>\nAunque la neta aqu\u00ed su servilleta no sabe si es para que no los est\u00e9n presionando o por devolver \u201cfavores de imagen\u201d jejeje porque el \u201cTesoritos Johony\u201d ya quedo a mano con un medio de comunication que le hab\u00eda realizado un meloso video a su \u201c\u00f1ora\u201d jejeje a lo mejor fue por eso que apoy\u00f3 por ah\u00ed, lo malo es que hicieron el paro y los fueron a echar de cabeza jejeje.<br \/>\nDUDA<br \/>\nLo \u00fanico que nos queda duda compis, es que si no habr\u00e1 alg\u00fan inconveniente con las Auditor\u00edas que se llegan a hacer, por aquello de las fechas de recepci\u00f3n de facturas y del periodo \u201cadelantao\u201d que se est\u00e1 pagando junto con el cheque fechado y toda la cosa jejeje y si lo hay, pues ah\u00ed est\u00e1 el tip pa que no se metan en shows, y que todos los proveedores se alegren de saber que \u201cbilletes\u201d hay, hasta pa\u00b4pagar por adelantao jejeje.<br \/>\nCONGRATS<br \/>\nY pues antes de que se me olvide compis una gran felicitaci\u00f3n a todas las secres del mundo mundial raza, que bien que se la parten todos los d\u00edas aguantando a los jefes, bien por ellas \u00a1eh! esperamos que ayer se la hayan pasado de lo mejor y que las hayan apapachado mucho.<br \/>\nFERIA<br \/>\nY pues finalmente compis sabemos que la Feria ser\u00e1 del 09 al 18 de Agosto y que se busca que sea una feria econ\u00f3mica y de calidad para toda la raza, as\u00ed que estaremos al pendiente de que grupos musicales nos van a traes esas dos semanitas de diversi\u00f3n que el pueblo bien merecidas se las tiene\u2026La vemos.<\/p>\n","protected":false},"excerpt":{"rendered":"<p>Por: El Mapache Pues bueno raza, hay mucho que cotorrear esta semanuca jejeje as\u00ed que espero que est\u00e9n en la posici\u00f3n m\u00e1s c\u00f3moda y que se est\u00e9n refrescando porque con estos calorones, pues no hay de otra. JC Pues \u201cJuerza Civil\u201d lleg\u00f3 compis y como era de esperarse hubo algunos cambios dentro de la estructura [&hellip;]<\/p>\n","protected":false},"author":9,"featured_media":155,"comment_status":"open","ping_status":"closed","sticky":false,"template":"","format":"standard","meta":{"footnotes":""},"categories":[1],"tags":[940],"class_list":["post-9397","post","type-post","status-publish","format-standard","has-post-thumbnail","hentry","category-noticias","tag-el-mapache-la-guarida-del-mapache"],"_links":{"self":[{"href":"https:\/\/laultimapalabra.com.mx\/portal\/wp-json\/wp\/v2\/posts\/9397","targetHints":{"allow":["GET"]}}],"collection":[{"href":"https:\/\/laultimapalabra.com.mx\/portal\/wp-json\/wp\/v2\/posts"}],"about":[{"href":"https:\/\/laultimapalabra.com.mx\/portal\/wp-json\/wp\/v2\/types\/post"}],"author":[{"embeddable":true,"href":"https:\/\/laultimapalabra.com.mx\/portal\/wp-json\/wp\/v2\/users\/9"}],"replies":[{"embeddable":true,"href":"https:\/\/laultimapalabra.com.mx\/portal\/wp-json\/wp\/v2\/comments?post=9397"}],"version-history":[{"count":1,"href":"https:\/\/laultimapalabra.com.mx\/portal\/wp-json\/wp\/v2\/posts\/9397\/revisions"}],"predecessor-version":[{"id":68005,"href":"https:\/\/laultimapalabra.com.mx\/portal\/wp-json\/wp\/v2\/posts\/9397\/revisions\/68005"}],"wp:featuredmedia":[{"embeddable":true,"href":"https:\/\/laultimapalabra.com.mx\/portal\/wp-json\/"}],"wp:attachment":[{"href":"https:\/\/laultimapalabra.com.mx\/portal\/wp-json\/wp\/v2\/media?parent=9397"}],"wp:term":[{"taxonomy":"category","embeddable":true,"href":"https:\/\/laultimapalabra.com.mx\/portal\/wp-json\/wp\/v2\/categories?post=9397"},{"taxonomy":"post_tag","embeddable":true,"href":"https:\/\/laultimapalabra.com.mx\/portal\/wp-json\/wp\/v2\/tags?post=9397"}],"curies":[{"name":"wp","href":"https:\/\/api.w.org\/{rel}","templated":true}]}}