                       {"id":9399,"date":"2019-08-01T20:47:11","date_gmt":"2019-08-02T01:47:11","guid":{"rendered":"http:\/\/laultimapalabra.info\/?p=9399"},"modified":"2024-12-11T08:56:06","modified_gmt":"2024-12-11T14:56:06","slug":"usted-tiene-la-ultima-palabra-73","status":"publish","type":"post","link":"https:\/\/laultimapalabra.com.mx\/portal\/usted-tiene-la-ultima-palabra-73\/","title":{"rendered":"Usted tiene&#8230; La \u00daltima Palabra"},"content":{"rendered":"<p style=\"text-align: justify;\"><strong><img loading=\"lazy\" decoding=\"async\" class=\"size-medium wp-image-390 alignleft\" src=\"https:\/\/laultimapalabra.com.mx\/portal\/wp-content\/uploads\/2018\/02\/28169846_1705449459476714_78449556_o-203x300.jpg\" alt=\"\" width=\"203\" height=\"300\" \/>No hay recesi\u00f3n<\/strong><\/p>\n<p style=\"text-align: justify;\">Por: Ing. Jes\u00fas Herrera R\u00e1bago<\/p>\n<p style=\"text-align: justify;\">Esta semana se anunci\u00f3 que M\u00e9xico creci\u00f3,0.1% del Producto Interno Bruto. La buena noticia es que no hemos ca\u00eddo en recesi\u00f3n, lo cual muchos analistas y expertos lo daban por un hecho; la mala noticia es que estamos en desaceleraci\u00f3n.<br \/>\nEra obvio que muchos se frotaban las manos esperando el dato negativo de crecimiento para salir a decir que t\u00e9cnicamente est\u00e1bamos en recesi\u00f3n, para su mala fortuna no fue as\u00ed, a tal grado que L\u00f3pez Obrador se los \u201cech\u00f3\u201d en la cara.<br \/>\nDefinitivamente tiene su ventaja que no se haya declarado recesi\u00f3n, pues eso mantiene cierta estabilidad, obvio que no se pueden echar las \u201ccampanas al vuelo\u201d, pero al menos gana un respiro el Gobierno Federal contra sus detractores.<br \/>\nAdem\u00e1s, no hay que olvidar que tiene la ventaja que no ha invertido el presupuesto en este primer semestre, al hacerlo en el segundo tiene m\u00e1s posibilidades de acelerar la econom\u00eda y lograr el crecimiento.<br \/>\nEstoy seguro que los adversarios de AMLO seguir\u00e1n afirmando que vamos por mal camino y tarde que temprano, llegar\u00e1 el debacle econ\u00f3mico. Quiz\u00e1 puedan tener raz\u00f3n, pero en este momento el dato que tanto esperaban no lleg\u00f3, y tendremos que esperar a que el tiempo ponga todo en su lugar.<br \/>\nObvio que al no llegar el dato esperado para declarar la recesi\u00f3n, inmediatamente buscaron algo para atacar y encontraron una declaraci\u00f3n de AMLO del 2014 donde \u00e9l criticaba que con Pe\u00f1a en un periodo crecieron tan solo 0.8% que es m\u00e1s que el 0.1%. Lo cual es una comparaci\u00f3n no proporcional, pues est\u00e1n comparando el segundo a\u00f1o de Pe\u00f1a con el primer semestre de L\u00f3pez Obrador, habr\u00eda que esperar porque en dos a\u00f1os podr\u00eda estar mejor que el 0.8% de Pe\u00f1a Nieto del 2014.<br \/>\nPero m\u00e1s all\u00e1 de filias y fobias, lo triste y decepcionante es la actitud deseando que le vaya mal al Presidente.<br \/>\nNo se dan cuenta que si le va mal a \u00e9l nos va mal a todos.<br \/>\nIndependientemente si votamos o no por \u00e9l, o si su personalidad nos repugna o no, el tema es que gan\u00f3 y lo hizo de manera apabullante. As\u00ed que lo m\u00e1s sano es darle tiempo y esperar para ver sus resultados. Pero hablar apresuradamente suena m\u00e1s a ardor y coraje que a gente pensante y objetiva.<br \/>\nAs\u00ed las cosas, como solemos decir: \u201cno coman ansias\u201d, en tres a\u00f1os tendremos la oportunidad en las urnas para premiarlo o castigarlo refrendando o quit\u00e1ndole la mayor\u00eda en el Congreso.<br \/>\nEsta es mi opini\u00f3n, usted tiene La \u00daltima Palabra.<\/p>\n","protected":false},"excerpt":{"rendered":"<p>No hay recesi\u00f3n Por: Ing. Jes\u00fas Herrera R\u00e1bago Esta semana se anunci\u00f3 que M\u00e9xico creci\u00f3,0.1% del Producto Interno Bruto. La buena noticia es que no hemos ca\u00eddo en recesi\u00f3n, lo cual muchos analistas y expertos lo daban por un hecho; la mala noticia es que estamos en desaceleraci\u00f3n. Era obvio que muchos se frotaban las [&hellip;]<\/p>\n","protected":false},"author":9,"featured_media":390,"comment_status":"open","ping_status":"closed","sticky":false,"template":"","format":"standard","meta":{"footnotes":""},"categories":[1],"tags":[1278],"class_list":["post-9399","post","type-post","status-publish","format-standard","has-post-thumbnail","hentry","category-noticias","tag-ing-jesus-herrera-rabago"],"_links":{"self":[{"href":"https:\/\/laultimapalabra.com.mx\/portal\/wp-json\/wp\/v2\/posts\/9399","targetHints":{"allow":["GET"]}}],"collection":[{"href":"https:\/\/laultimapalabra.com.mx\/portal\/wp-json\/wp\/v2\/posts"}],"about":[{"href":"https:\/\/laultimapalabra.com.mx\/portal\/wp-json\/wp\/v2\/types\/post"}],"author":[{"embeddable":true,"href":"https:\/\/laultimapalabra.com.mx\/portal\/wp-json\/wp\/v2\/users\/9"}],"replies":[{"embeddable":true,"href":"https:\/\/laultimapalabra.com.mx\/portal\/wp-json\/wp\/v2\/comments?post=9399"}],"version-history":[{"count":1,"href":"https:\/\/laultimapalabra.com.mx\/portal\/wp-json\/wp\/v2\/posts\/9399\/revisions"}],"predecessor-version":[{"id":68007,"href":"https:\/\/laultimapalabra.com.mx\/portal\/wp-json\/wp\/v2\/posts\/9399\/revisions\/68007"}],"wp:featuredmedia":[{"embeddable":true,"href":"https:\/\/laultimapalabra.com.mx\/portal\/wp-json\/"}],"wp:attachment":[{"href":"https:\/\/laultimapalabra.com.mx\/portal\/wp-json\/wp\/v2\/media?parent=9399"}],"wp:term":[{"taxonomy":"category","embeddable":true,"href":"https:\/\/laultimapalabra.com.mx\/portal\/wp-json\/wp\/v2\/categories?post=9399"},{"taxonomy":"post_tag","embeddable":true,"href":"https:\/\/laultimapalabra.com.mx\/portal\/wp-json\/wp\/v2\/tags?post=9399"}],"curies":[{"name":"wp","href":"https:\/\/api.w.org\/{rel}","templated":true}]}}