                       {"id":9451,"date":"2019-08-03T02:01:10","date_gmt":"2019-08-03T07:01:10","guid":{"rendered":"http:\/\/laultimapalabra.info\/?p=9451"},"modified":"2024-12-11T08:56:06","modified_gmt":"2024-12-11T14:56:06","slug":"asesinan-a-hombre-en-cadereyta","status":"publish","type":"post","link":"https:\/\/laultimapalabra.com.mx\/portal\/asesinan-a-hombre-en-cadereyta\/","title":{"rendered":"Asesinan a hombre en Cadereyta"},"content":{"rendered":"<p style=\"text-align: justify;\">La ola violenta contin\u00faa en el municipio de Cadereyta, luego de que este viernes se registrara un homicidio, se privara de su libertad a otra persona e hirieran a un tercero, en la colonia Puertas de Cadereyta<\/p>\n<p style=\"text-align: justify;\"><img loading=\"lazy\" decoding=\"async\" class=\"size-medium wp-image-9452 alignleft\" src=\"https:\/\/laultimapalabra.com.mx\/portal\/wp-content\/uploads\/2019\/08\/67671043_2499794876732040_3256941041349033984_n-300x240.jpg\" alt=\"\" width=\"300\" height=\"240\" \/>Cadereyta Jim\u00e9nez, N.L.- Hombres armados asesinaron a balazos a una persona, privaron de la libertad a otra e hirieron a un tercero, durante la tarde de este viernes, en 0Cadereyta.<br \/>\nPese a la intervenci\u00f3n de la Secretar\u00eda de Seguridad P\u00fablica de Nuevo Le\u00f3n, el municipio de Cadereyta sigue siendo escenario de hechos violentos.<br \/>\nDurante la tarde de este viernes, un hombre fue victimado a balazos, otro herido y uno m\u00e1s presuntamente fue privado de la libertad, en un mismo hecho registrado en la colonia Puertas de Cadereyta, tambi\u00e9n conocida como &#8220;El Agarr\u00f3n&#8221;.<br \/>\nLos hechos se registraron en las calles La Malinche y Tercera, cuando hombres armados arribaron a una casa donde realizaban trabajos de construcci\u00f3n.<br \/>\nTras abrir fuego contra los presentes, se report\u00f3 el fallecimiento de un hombre de aproximadamente 30 a\u00f1os, de quien se desconoce su identidad.<br \/>\nAdem\u00e1s, se report\u00f3 que otra persona del sexo masculino result\u00f3 herida de bala y un tercero fue privado de la libertad.<br \/>\nTras los hechos se mont\u00f3 un operativo de seguridad con el fin de ampliar las investigaciones y tratar de ubicar a los agresores.<br \/>\nFuente: El Horizonte<\/p>\n","protected":false},"excerpt":{"rendered":"<p>La ola violenta contin\u00faa en el municipio de Cadereyta, luego de que este viernes se registrara un homicidio, se privara de su libertad a otra persona e hirieran a un tercero, en la colonia Puertas de Cadereyta Cadereyta Jim\u00e9nez, N.L.- Hombres armados asesinaron a balazos a una persona, privaron de la libertad a otra e [&hellip;]<\/p>\n","protected":false},"author":9,"featured_media":9452,"comment_status":"open","ping_status":"closed","sticky":false,"template":"","format":"standard","meta":{"footnotes":""},"categories":[17],"tags":[926],"class_list":["post-9451","post","type-post","status-publish","format-standard","has-post-thumbnail","hentry","category-locales-cadereyta","tag-ejecutados-cadereyta"],"_links":{"self":[{"href":"https:\/\/laultimapalabra.com.mx\/portal\/wp-json\/wp\/v2\/posts\/9451","targetHints":{"allow":["GET"]}}],"collection":[{"href":"https:\/\/laultimapalabra.com.mx\/portal\/wp-json\/wp\/v2\/posts"}],"about":[{"href":"https:\/\/laultimapalabra.com.mx\/portal\/wp-json\/wp\/v2\/types\/post"}],"author":[{"embeddable":true,"href":"https:\/\/laultimapalabra.com.mx\/portal\/wp-json\/wp\/v2\/users\/9"}],"replies":[{"embeddable":true,"href":"https:\/\/laultimapalabra.com.mx\/portal\/wp-json\/wp\/v2\/comments?post=9451"}],"version-history":[{"count":1,"href":"https:\/\/laultimapalabra.com.mx\/portal\/wp-json\/wp\/v2\/posts\/9451\/revisions"}],"predecessor-version":[{"id":68031,"href":"https:\/\/laultimapalabra.com.mx\/portal\/wp-json\/wp\/v2\/posts\/9451\/revisions\/68031"}],"wp:featuredmedia":[{"embeddable":true,"href":"https:\/\/laultimapalabra.com.mx\/portal\/wp-json\/"}],"wp:attachment":[{"href":"https:\/\/laultimapalabra.com.mx\/portal\/wp-json\/wp\/v2\/media?parent=9451"}],"wp:term":[{"taxonomy":"category","embeddable":true,"href":"https:\/\/laultimapalabra.com.mx\/portal\/wp-json\/wp\/v2\/categories?post=9451"},{"taxonomy":"post_tag","embeddable":true,"href":"https:\/\/laultimapalabra.com.mx\/portal\/wp-json\/wp\/v2\/tags?post=9451"}],"curies":[{"name":"wp","href":"https:\/\/api.w.org\/{rel}","templated":true}]}}